{"id":213204,"date":"2026-06-25T15:34:12","date_gmt":"2026-06-25T15:34:12","guid":{"rendered":"https:\/\/www.europesays.com\/ee\/213204\/"},"modified":"2026-06-25T15:34:12","modified_gmt":"2026-06-25T15:34:12","slug":"faz-kallas-on-oma-teravate-sonavottude-tottu-jaanud-brusselis-isolatsiooni-valismaa","status":"publish","type":"post","link":"https:\/\/www.europesays.com\/ee\/213204\/","title":{"rendered":"FAZ: Kallas on oma teravate s\u00f5nav\u00f5ttude t\u00f5ttu j\u00e4\u00e4nud Br\u00fcsselis isolatsiooni | V\u00e4lismaa"},"content":{"rendered":"<p>Euroopa Liidu k\u00f5rge v\u00e4lisesindaja Kaja Kallas on enda teravate s\u00f5nav\u00f5ttude t\u00f5ttu j\u00e4\u00e4nud Br\u00fcsselis isolatsiooni, kirjutab Saksa leht Frankfurter Allgemeine Zeitung (FAZ).<\/p>\n<p>V\u00e4ljaande Br\u00fcsseli korrespondent m\u00e4rgib, et Kallast ei saa pidada tippdiplomaadiks, kuna tema s\u00f5nav\u00f5ttudest puhkevad tihti vaidlused.<\/p>\n<p>M\u00f6\u00f6dunud n\u00e4dalal katkestas Iisraeli v\u00e4lisminister Gideon Sa&#8217;ar k\u00f5ik suhted Kallasega, kuna viimane olevat v\u00f5rrelnud juudiriigis toimuvat L\u00f5una-Aafrika kunagise apartheidire\u017eiimiga. Sa&#8217;ar teatas sotsiaalmeedias, et suhtluskeeld kehtib, kuni Kallas avalikult oma s\u00f5nad tagasi v\u00f5tab.<\/p>\n<p>FAZ kirjutab, et Kallas ei ole sattunud isolatsiooni mitte ainult Iisraeli, vaid ka Euroopa Liidu poolt.<\/p>\n<p>V\u00e4idetavalt sai see alguse eelmise n\u00e4dala l\u00f5pus Euroopa \u00dclemkogul. Kui Saksamaa liidukantsler Friedrich Merzi k\u00fcsiti Kallase ja apartheidiv\u00f5rdluse kohta, reageeris ta j\u00e4rsult. &#8220;Ma ei jaga seda s\u00f5navalikut,&#8221; \u00fctles Merz.<\/p>\n<p>Ka Austria liidukantsler Christian Stocker tegi Kallase suunas m\u00e4rkuse. Ta v\u00e4itis, et pole tsitaati kuulnud, kuid lisas: &#8220;Kui seda on \u00f6eldud, on see vastuv\u00f5etamatu.&#8221; Suhteid Iisraeliga ei tohi tema s\u00f5nul l\u00f5hkuda.<\/p>\n<p>Pole selge, mida Kallas t\u00e4pselt \u00fctles. V\u00e4idetavalt k\u00f5lasid tema s\u00f5nad mai l\u00f5pus Mehhikos toimunud konfidentsiaalsel kohtumisel Mehhiko valitsuse esindajatega. Veebiportaal Euractiv vahendas, et Kallas kirjeldas seal, kui liigutatud ta oli eelmise aasta k\u00fclastusest L\u00f5una-Aafrika apartheidimuuseumisse. Kohtumisel osalenute s\u00f5nul seostas ta seda sellega, kuidas Iisrael kohtleb palestiinlasi L\u00e4\u00e4nekaldal ja Gaza sektoris.<\/p>\n<p>Ajakirjanikele vastas Kallas, et ei kommenteeri suletud uste taga \u00f6eldut \u2013 sellest puhkes aga omakorda poleemika, kuna Iisrael luges sealt v\u00e4lja, et Kallas ei eita talle omistatud v\u00e4idete lausumist ja v\u00f5tab sellega need s\u00f5nad omaks.<\/p>\n<p>Euroopa Liit m\u00f5istab hukka Iisraeli asunduspoliitika L\u00e4\u00e4nekaldal ja n\u00f5uab, et riik t\u00e4idaks rahvusvahelisest \u00f5igusest tulenevaid kohustusi. Nii on kirjas ka Euroopa \u00dclemkogu v\u00e4rsketes j\u00e4reldustes.<\/p>\n<p>Kuigi m\u00f5ned EL-i riigid jagavad apartheidi-s\u00fc\u00fcdistusi Iisraeli suunal,\u00a0ei ole liit seda seisukohta ametlikult omaks v\u00f5tnud. See on tundlik teema ka seet\u00f5ttu, et L\u00f5una-Aafrika valitsus on kaevanud Iisraeli Rahvusvahelisse Kohtusse genotsiidis\u00fc\u00fcdistusega, viidates palestiinlaste s\u00fcsteemsele r\u00f5humisele apartheidi-mustri j\u00e4rgi. Hagi suhtes puudub EL-il \u00fchtne seisukoht.<\/p>\n<p>Kallas on nii liikmesriikide v\u00e4lisesindaja kui ka Euroopa Komisjoni asepresident. Seet\u00f5ttu v\u00f5inuks eeldada, et v\u00e4hemalt komisjon asub teda toetama. Tegelikult juhtus sel n\u00e4dalal vastupidine, m\u00e4rkis leht.<\/p>\n<p>Esmasp\u00e4eval reisis Vahemere piirkonna eest vastutav volinik Dubravka \u0160uica Iisraeli. Horvaadist volinik kohtus seal nii v\u00e4lisminister Sa&#8217;ariga kui ka president Isaac Herzogiga, enne kui teisip\u00e4eval L\u00e4\u00e4nekaldal asuvasse Ramallah&#8217;sse edasi s\u00f5itis.<\/p>\n<p>Juba see visiit olevat tekitanud Iisraeli suhtes kriitilistes riikides imestust. Br\u00fcsselis r\u00e4\u00e4gitakse, et komisjon oleks v\u00f5inud selle juba varem kavandatud reisi v\u00f5i v\u00e4hemalt kohtumise Sa&#8217;ariga \u00e4ra j\u00e4tta.\u00a0<\/p>\n<p>V\u00e4him, mida \u0160uica pidanuks tegema, on protesteerida kolleegile kehtestatud suhtluskeelu vastu \u2013 tema avalikes s\u00f5nav\u00f5ttudes sellest aga juttu ei olnud. EL toetavat Iisraeli \u00f5igust julgeolekule, olukord Gazas j\u00e4\u00e4vat \u00e4\u00e4rmiselt murettekitavaks ja illegaalsete asunduste puhul halvenevat olukord veelgi \u2013 loetles \u0160uica p\u00e4rast kohtumist Sa&#8217;ariga, kuid Kallase kohta ei \u00f6elnud ta s\u00f5nagi.<\/p>\n<p>Sa&#8217;ar omakorda kasutas v\u00f5imalust, et Kallase suunas veel \u00fcks torge teha. Ta v\u00e4itis, et Iisrael soovivat avatud ja ausat dialoogi, kui ta \u0160uicaga laua taha istus. Kuid dialoog ei saa seisneda selles, &#8220;et \u00fcks pool dikteerib teisele oma poliitilised seisukohad,&#8221; r\u00f5hutas ta.\u00a0<\/p>\n<p>Pole teada, kas \u0160uica t\u00f5statas suletud uste taga Kallase k\u00fcsimuse. Euroopa Komisjoni pressiesindaja keeldus teisip\u00e4eval detaile kommenteerimast. Kulus mitu t\u00e4psustavat k\u00fcsimust, enne kui pressiesindaja \u00fctles FAZ-ile, et komisjon seisab &#8220;loomulikult k\u00f5igi oma kolleegiumi liikmete taga&#8221;. Kallase l\u00e4hikonnas v\u00f5eti selline reaktsioon vastu n\u00f6rdimusega.<\/p>\n<p>V\u00e4idetavalt olevat \u0160uica pidanud Iisraelis ka l\u00e4bir\u00e4\u00e4kimisi k\u00fcsimustes, mis ei kuulu tema p\u00e4devusse. Tema vestlused puudutasid v\u00e4idetavalt EL-i missiooni pikendamist Rafah&#8217; piiripunktis \u2013 see on aga \u00fchise v\u00e4lis- ja julgeolekupoliitika meede, mis kuulub Kallase portfelli.\u00a0<\/p>\n<p>\u00dche FAZ&#8217;iga r\u00e4\u00e4kinud diplomaadi s\u00f5nul j\u00e4tab see k\u00f5ik mulje, justkui sooviks komisjon saata signaali, et saab v\u00e4lispoliitikas ka Kallaseta hakkama.<\/p>\n","protected":false},"excerpt":{"rendered":"Euroopa Liidu k\u00f5rge v\u00e4lisesindaja Kaja Kallas on enda teravate s\u00f5nav\u00f5ttude t\u00f5ttu j\u00e4\u00e4nud Br\u00fcsselis isolatsiooni, kirjutab Saksa leht Frankfurter&hellip;\n","protected":false},"author":2,"featured_media":213205,"comment_status":"","ping_status":"","sticky":false,"template":"","format":"standard","meta":{"footnotes":"","_share_on_mastodon":"0"},"categories":[5],"tags":[4272,26,27,13105,87246,37,33,35,3239,34,36,87248,590,87247,31,32,620,21,619,1639,3493,28,29,19,25,23,24,22,20,30],"class_list":["post-213204","post","type-post","status-publish","format-standard","has-post-thumbnail","category-uldised-uudised","tag-apartheid","tag-breaking-news","tag-breakingnews","tag-diplomaatia","tag-dubravka-suica","tag-ee","tag-eesti","tag-eesti-keel","tag-el","tag-estonia","tag-estonian","tag-euroopa-liidu-korge-valisesindaja","tag-euroopa-liit","tag-faz","tag-featured-news","tag-featurednews","tag-gaza","tag-headlines","tag-iisrael","tag-kaja-kallas","tag-laanekallas","tag-latest-news","tag-latestnews","tag-news","tag-populaarseimad-lood","tag-top-stories","tag-topstories","tag-uldised-uudised","tag-uudised","tag-viimased-uudised"],"share_on_mastodon":{"url":"https:\/\/pubeurope.com\/@ee\/116811482127631509","error":""},"_links":{"self":[{"href":"https:\/\/www.europesays.com\/ee\/wp-json\/wp\/v2\/posts\/213204","targetHints":{"allow":["GET"]}}],"collection":[{"href":"https:\/\/www.europesays.com\/ee\/wp-json\/wp\/v2\/posts"}],"about":[{"href":"https:\/\/www.europesays.com\/ee\/wp-json\/wp\/v2\/types\/post"}],"author":[{"embeddable":true,"href":"https:\/\/www.europesays.com\/ee\/wp-json\/wp\/v2\/users\/2"}],"replies":[{"embeddable":true,"href":"https:\/\/www.europesays.com\/ee\/wp-json\/wp\/v2\/comments?post=213204"}],"version-history":[{"count":0,"href":"https:\/\/www.europesays.com\/ee\/wp-json\/wp\/v2\/posts\/213204\/revisions"}],"wp:featuredmedia":[{"embeddable":true,"href":"https:\/\/www.europesays.com\/ee\/wp-json\/wp\/v2\/media\/213205"}],"wp:attachment":[{"href":"https:\/\/www.europesays.com\/ee\/wp-json\/wp\/v2\/media?parent=213204"}],"wp:term":[{"taxonomy":"category","embeddable":true,"href":"https:\/\/www.europesays.com\/ee\/wp-json\/wp\/v2\/categories?post=213204"},{"taxonomy":"post_tag","embeddable":true,"href":"https:\/\/www.europesays.com\/ee\/wp-json\/wp\/v2\/tags?post=213204"}],"curies":[{"name":"wp","href":"https:\/\/api.w.org\/{rel}","templated":true}]}}