{"id":213215,"date":"2026-06-25T15:45:13","date_gmt":"2026-06-25T15:45:13","guid":{"rendered":"https:\/\/www.europesays.com\/ee\/213215\/"},"modified":"2026-06-25T15:45:13","modified_gmt":"2026-06-25T15:45:13","slug":"intervjuu-%e2%9f%a9-kuuba-opositsiooni-esindaja-on-tekkinud-voimalus-reziimi-muutuseks-kuubal","status":"publish","type":"post","link":"https:\/\/www.europesays.com\/ee\/213215\/","title":{"rendered":"INTERVJUU \u27e9 Kuuba opositsiooni esindaja: on tekkinud v\u00f5imalus re\u017eiimi muutuseks Kuubal"},"content":{"rendered":"<p>Venemaa n\u00f5rgenemine, Nicol\u00e1s Maduro re\u017eiimi allutamine Ameerika \u00dchendriikidele ja Donald Trumpi administratsiooni j\u00f5uline survekampaania on loonud v\u00f5imaluse Kuuba kommunistliku re\u017eiimi langemiseks, r\u00e4\u00e4kis Tallinna k\u00fclastanud Kuuba Vastupanuliikumise Assamblee peadirektor Orlando Gutierrez-Boronat Postimehele.<\/p>\n<p>President Donald Trump on korduvalt \u00f6elnud, et \u00abKuuba on j\u00e4rgmine\u00bb. Kas te peate t\u00f5en\u00e4oliseks, et praegune \u00dchendriikide administratsioon v\u00f5ib l\u00e4hitulevikus astuda sammu re\u017eiimi muutmiseks Kuubal?<\/p>\n","protected":false},"excerpt":{"rendered":"Venemaa n\u00f5rgenemine, Nicol\u00e1s Maduro re\u017eiimi allutamine Ameerika \u00dchendriikidele ja Donald Trumpi administratsiooni j\u00f5uline survekampaania on loonud v\u00f5imaluse Kuuba&hellip;\n","protected":false},"author":2,"featured_media":213216,"comment_status":"","ping_status":"","sticky":false,"template":"","format":"standard","meta":{"footnotes":"","_share_on_mastodon":"0"},"categories":[5],"tags":[587,26,27,87250,37,33,35,34,36,31,32,21,3345,28,29,19,25,23,24,22,20,96,3344,30],"class_list":["post-213215","post","type-post","status-publish","format-standard","has-post-thumbnail","category-uldised-uudised","tag-ameerika-uhendriigid","tag-breaking-news","tag-breakingnews","tag-castro-reziim","tag-ee","tag-eesti","tag-eesti-keel","tag-estonia","tag-estonian","tag-featured-news","tag-featurednews","tag-headlines","tag-kuuba","tag-latest-news","tag-latestnews","tag-news","tag-populaarseimad-lood","tag-top-stories","tag-topstories","tag-uldised-uudised","tag-uudised","tag-venemaa","tag-venezuela","tag-viimased-uudised"],"share_on_mastodon":{"url":"https:\/\/pubeurope.com\/@ee\/116811525256987168","error":""},"_links":{"self":[{"href":"https:\/\/www.europesays.com\/ee\/wp-json\/wp\/v2\/posts\/213215","targetHints":{"allow":["GET"]}}],"collection":[{"href":"https:\/\/www.europesays.com\/ee\/wp-json\/wp\/v2\/posts"}],"about":[{"href":"https:\/\/www.europesays.com\/ee\/wp-json\/wp\/v2\/types\/post"}],"author":[{"embeddable":true,"href":"https:\/\/www.europesays.com\/ee\/wp-json\/wp\/v2\/users\/2"}],"replies":[{"embeddable":true,"href":"https:\/\/www.europesays.com\/ee\/wp-json\/wp\/v2\/comments?post=213215"}],"version-history":[{"count":0,"href":"https:\/\/www.europesays.com\/ee\/wp-json\/wp\/v2\/posts\/213215\/revisions"}],"wp:featuredmedia":[{"embeddable":true,"href":"https:\/\/www.europesays.com\/ee\/wp-json\/wp\/v2\/media\/213216"}],"wp:attachment":[{"href":"https:\/\/www.europesays.com\/ee\/wp-json\/wp\/v2\/media?parent=213215"}],"wp:term":[{"taxonomy":"category","embeddable":true,"href":"https:\/\/www.europesays.com\/ee\/wp-json\/wp\/v2\/categories?post=213215"},{"taxonomy":"post_tag","embeddable":true,"href":"https:\/\/www.europesays.com\/ee\/wp-json\/wp\/v2\/tags?post=213215"}],"curies":[{"name":"wp","href":"https:\/\/api.w.org\/{rel}","templated":true}]}}