{"id":213279,"date":"2026-06-25T17:13:07","date_gmt":"2026-06-25T17:13:07","guid":{"rendered":"https:\/\/www.europesays.com\/ee\/213279\/"},"modified":"2026-06-25T17:13:07","modified_gmt":"2026-06-25T17:13:07","slug":"saksamaa-peatreener-julian-nagelsmann-meid-karistatakse-alagrupi-voidu-eest","status":"publish","type":"post","link":"https:\/\/www.europesays.com\/ee\/213279\/","title":{"rendered":"Saksamaa peatreener Julian Nagelsmann: meid karistatakse alagrupi v\u00f5idu eest"},"content":{"rendered":"<p>Saksamaa on alustanud MM-i kahe v\u00f5iduga, kui Curacaost oldi \u00fcle 7:1 ja Elevandiluurannikust 2:1. Sellega on viimase vooru eel E-alagrupi esikoht ning p\u00e4\u00e4s 1\/16-finaali tagatud. Viimases alagrupim\u00e4ngus minnakse neljap\u00e4eval kell 23.00 kokku Ecuadoriga.<\/p>\n<p>Saksamaa peab oma 1\/16-finaali 29. juunil <a rel=\"noopener nofollow\" target=\"_blank\" href=\"https:\/\/www.delfi.ee\/teema\/28798493\/boston\" tag-id=\"28798493\">Bostonis<\/a>. Seal minnakse vastamisi \u00fche alagrupi kolmanda koha koondisega. Kellega t\u00e4pselt, selgub aga alles laup\u00e4eval, kui k\u00f5ik alagrupim\u00e4ngud on peetud. See pole meeltm\u00f6\u00f6da koondise peatreenerile Julian Nagelsmannile.<\/p>\n<p>Kuna vastane saadakse teada alles Eesti aja j\u00e4rgi p\u00fchap\u00e4eva hommikul, tuleb koondise treeneritel ja videoanal\u00fc\u00fctikutel teha napi ajaakna sees \u00e4ra meeletu t\u00f6\u00f6.<\/p>\n<p>\u201eSee pole ideaalne, kui sind alagrupi v\u00f5itmise ees mingil m\u00e4\u00e4ral karistatakse. Ma pole selle (s\u00fcsteemi) suur f\u00e4nn. K\u00f5ik saavad aru, et pole parim terve laup\u00e4eva \u00f5htu kaadreid l\u00e4bi kammida ja seej\u00e4rel p\u00fchap\u00e4eval vastast meeskonnale tutvustada,\u201c \u00fctles Nagelsmann ajakirjanikele.<\/p>\n<p>Et t\u00f6\u00f6d lihtsamaks teha, on koondise treenerite tiim algoritmide abil otsinud v\u00e4lja vastased, kellega kohtumise t\u00f5en\u00e4osus on k\u00f5ige suurem.<\/p>\n<p>\u201eOlen natuke juba (m\u00e4nge) vaadanud ja meie videoanal\u00fc\u00fctikud on ka m\u00f5nda vaadanud. Oleme k\u00f5ik vaadanud potentsiaalsete vastase kolme v\u00f5i nelja m\u00e4ngu. Praegune olukord paneb peale v\u00e4ikse ajalise surve. Kuid oleme k\u00f5ik treeneritena veel \u00fcsna noored ja kui vaja, siis t\u00f6\u00f6tame \u00f6\u00f6 l\u00e4bi,\u201c lisas Nagelsmann.<\/p>\n<p>Saksamaa kohtub esmasp\u00e4eval, 29. juunil Bostonis A-, B-, C-, D- v\u00f5i F-alagrupi kolmanda koha meeskonnaga.<\/p>\n<p>Kuidas see lugu Sind end tundma pani? Saada <a href=\"https:\/\/sport.delfi.ee\/artikkel\/120593201\/saksamaa-peatreener-julian-nagelsmann-meid-karistatakse-alagrupi-voidu-eest\/kommentaarid\" class=\"article-body-bottom__comment article-body-bottom__comment--write button button--primary button--size-auto\" rel=\"nofollow noopener\" target=\"_blank\"> Kommenteeri <\/a><a href=\"https:\/\/sport.delfi.ee\/artikkel\/120593201\/saksamaa-peatreener-julian-nagelsmann-meid-karistatakse-alagrupi-voidu-eest\/kommentaarid\" class=\"article-body-bottom__comment article-body-bottom__comment--read button button--size-auto\" rel=\"nofollow noopener\" target=\"_blank\"> Loe kommentaare (7)<\/a><\/p>\n","protected":false},"excerpt":{"rendered":"Saksamaa on alustanud MM-i kahe v\u00f5iduga, kui Curacaost oldi \u00fcle 7:1 ja Elevandiluurannikust 2:1. Sellega on viimase vooru&hellip;\n","protected":false},"author":2,"featured_media":213280,"comment_status":"","ping_status":"","sticky":false,"template":"","format":"standard","meta":{"footnotes":"","_share_on_mastodon":"0"},"categories":[18],"tags":[11796,37,33,35,34,36,7036,11025,3737,159,158],"class_list":["post-213279","post","type-post","status-publish","format-standard","has-post-thumbnail","category-sport","tag-boston","tag-ee","tag-eesti","tag-eesti-keel","tag-estonia","tag-estonian","tag-jalgpalli-mm","tag-julian-nagelsmann","tag-saksamaa-jalgpallikoondis","tag-sport","tag-sports"],"share_on_mastodon":{"url":"https:\/\/pubeurope.com\/@ee\/116811871434754369","error":""},"_links":{"self":[{"href":"https:\/\/www.europesays.com\/ee\/wp-json\/wp\/v2\/posts\/213279","targetHints":{"allow":["GET"]}}],"collection":[{"href":"https:\/\/www.europesays.com\/ee\/wp-json\/wp\/v2\/posts"}],"about":[{"href":"https:\/\/www.europesays.com\/ee\/wp-json\/wp\/v2\/types\/post"}],"author":[{"embeddable":true,"href":"https:\/\/www.europesays.com\/ee\/wp-json\/wp\/v2\/users\/2"}],"replies":[{"embeddable":true,"href":"https:\/\/www.europesays.com\/ee\/wp-json\/wp\/v2\/comments?post=213279"}],"version-history":[{"count":0,"href":"https:\/\/www.europesays.com\/ee\/wp-json\/wp\/v2\/posts\/213279\/revisions"}],"wp:featuredmedia":[{"embeddable":true,"href":"https:\/\/www.europesays.com\/ee\/wp-json\/wp\/v2\/media\/213280"}],"wp:attachment":[{"href":"https:\/\/www.europesays.com\/ee\/wp-json\/wp\/v2\/media?parent=213279"}],"wp:term":[{"taxonomy":"category","embeddable":true,"href":"https:\/\/www.europesays.com\/ee\/wp-json\/wp\/v2\/categories?post=213279"},{"taxonomy":"post_tag","embeddable":true,"href":"https:\/\/www.europesays.com\/ee\/wp-json\/wp\/v2\/tags?post=213279"}],"curies":[{"name":"wp","href":"https:\/\/api.w.org\/{rel}","templated":true}]}}