{"id":213444,"date":"2026-06-25T21:19:09","date_gmt":"2026-06-25T21:19:09","guid":{"rendered":"https:\/\/www.europesays.com\/ee\/213444\/"},"modified":"2026-06-25T21:19:09","modified_gmt":"2026-06-25T21:19:09","slug":"saareriigi-majandus-kahanes-aga-eesti-ettevotteid-brexit-ei-raputanud","status":"publish","type":"post","link":"https:\/\/www.europesays.com\/ee\/213444\/","title":{"rendered":"Saareriigi majandus kahanes, aga Eesti ettev\u00f5tteid Brexit ei raputanud"},"content":{"rendered":"<p>T\u00e4navu 23. juunil m\u00f6\u00f6dub k\u00fcmme aastat \u00dchendkuningriigi ajaloolisest otsusest lahkuda Euroopa Liidust. Kuigi saareriigi majandusele on see samm l\u00e4inud maksma arvestatava osa SKP-st, on Eesti ettev\u00f5tjad esialgse ehmatuse ja kasvanud b\u00fcrokraatia kiuste suutnud sellest isegi v\u00f5itjatena v\u00e4lja tulla. Eriti teenuste ekspordi ja investeeringute vallas.<\/p>\n<p>SEB majandusanal\u00fc\u00fctiku Mihkel Nestori s\u00f5nul on <a rel=\"noopener nofollow\" target=\"_blank\" href=\"https:\/\/www.delfi.ee\/teema\/73767383\/brexit\" tag-id=\"73767383\">Brexiti<\/a> peamine tulemus karm ja \u00fcheselt m\u00f5istetav: saareriigi majandus oleks ilma lahkumiseta olnud praegu m\u00e4rgatavalt mahukam. \u201eErinevate teadusuuringute tulemused kipuvad keskeltl\u00e4bi j\u00f5udma numbrini 4% SKP-st, mis Suurbritannia on lahkumise t\u00f5ttu kaotanud,\u201c m\u00e4rgib Nestor, viidates, et see t\u00e4hendab u 150 miljonit eurot aastas. Selle taga on terve hulk pidurdunud protsesse: napim t\u00f6\u00f6j\u00f5ud, nigelam eksport, v\u00e4iksem tootlikkus ja kesisemad investeeringud.<\/p>\n<p>Oled juba tellija?Logi sisse<\/p>\n<p><a href=\"https:\/\/arileht.delfi.ee\/artikkel\/120591928\/saareriigi-majandus-kahanes-aga-eesti-ettevotteid-brexit-ei-raputanud\/kommentaarid\" class=\"article-body-bottom__comment article-body-bottom__comment--write button button--primary button--size-auto\" rel=\"nofollow noopener\" target=\"_blank\"> Kommenteeri <\/a><a href=\"https:\/\/arileht.delfi.ee\/artikkel\/120591928\/saareriigi-majandus-kahanes-aga-eesti-ettevotteid-brexit-ei-raputanud\/kommentaarid\" class=\"article-body-bottom__comment article-body-bottom__comment--read button button--size-auto\" rel=\"nofollow noopener\" target=\"_blank\"> Loe kommentaare (6)<\/a><\/p>\n","protected":false},"excerpt":{"rendered":"T\u00e4navu 23. juunil m\u00f6\u00f6dub k\u00fcmme aastat \u00dchendkuningriigi ajaloolisest otsusest lahkuda Euroopa Liidust. Kuigi saareriigi majandusele on see samm&hellip;\n","protected":false},"author":2,"featured_media":213445,"comment_status":"","ping_status":"","sticky":false,"template":"","format":"standard","meta":{"footnotes":"","_share_on_mastodon":"0"},"categories":[80],"tags":[26,27,20229,37,33,35,55738,34,36,31,32,21,28,29,3243,95,19,25,23,24,1038,22,20,30,92,93,94],"class_list":["post-213444","post","type-post","status-publish","format-standard","has-post-thumbnail","category-maailm","tag-breaking-news","tag-breakingnews","tag-brexit","tag-ee","tag-eesti","tag-eesti-keel","tag-erki-kilu","tag-estonia","tag-estonian","tag-featured-news","tag-featurednews","tag-headlines","tag-latest-news","tag-latestnews","tag-lhv","tag-maailm","tag-news","tag-populaarseimad-lood","tag-top-stories","tag-topstories","tag-uhendkuningriik","tag-uldised-uudised","tag-uudised","tag-viimased-uudised","tag-world","tag-world-news","tag-worldnews"],"share_on_mastodon":{"url":"https:\/\/pubeurope.com\/@ee\/116812838640343584","error":""},"_links":{"self":[{"href":"https:\/\/www.europesays.com\/ee\/wp-json\/wp\/v2\/posts\/213444","targetHints":{"allow":["GET"]}}],"collection":[{"href":"https:\/\/www.europesays.com\/ee\/wp-json\/wp\/v2\/posts"}],"about":[{"href":"https:\/\/www.europesays.com\/ee\/wp-json\/wp\/v2\/types\/post"}],"author":[{"embeddable":true,"href":"https:\/\/www.europesays.com\/ee\/wp-json\/wp\/v2\/users\/2"}],"replies":[{"embeddable":true,"href":"https:\/\/www.europesays.com\/ee\/wp-json\/wp\/v2\/comments?post=213444"}],"version-history":[{"count":0,"href":"https:\/\/www.europesays.com\/ee\/wp-json\/wp\/v2\/posts\/213444\/revisions"}],"wp:featuredmedia":[{"embeddable":true,"href":"https:\/\/www.europesays.com\/ee\/wp-json\/wp\/v2\/media\/213445"}],"wp:attachment":[{"href":"https:\/\/www.europesays.com\/ee\/wp-json\/wp\/v2\/media?parent=213444"}],"wp:term":[{"taxonomy":"category","embeddable":true,"href":"https:\/\/www.europesays.com\/ee\/wp-json\/wp\/v2\/categories?post=213444"},{"taxonomy":"post_tag","embeddable":true,"href":"https:\/\/www.europesays.com\/ee\/wp-json\/wp\/v2\/tags?post=213444"}],"curies":[{"name":"wp","href":"https:\/\/api.w.org\/{rel}","templated":true}]}}