{"id":213759,"date":"2026-06-26T09:06:12","date_gmt":"2026-06-26T09:06:12","guid":{"rendered":"https:\/\/www.europesays.com\/ee\/213759\/"},"modified":"2026-06-26T09:06:12","modified_gmt":"2026-06-26T09:06:12","slug":"uwe-bolli-uus-film-keelati-saksamaal-immigrantidevastase-sonumi-tottu","status":"publish","type":"post","link":"https:\/\/www.europesays.com\/ee\/213759\/","title":{"rendered":"Uwe Bolli uus film keelati Saksamaal immigrantidevastase s\u00f5numi t\u00f5ttu"},"content":{"rendered":"<p>\u00abSaksamaa reitinguagentuur keeldus filmile vanusepiirangut andmast, mis t\u00e4hendab, et praegu saab seda seal vaadata vaid siis, kui tellida Blu-ray plaat Austriast v\u00f5i \u0160veitsist,\u00bb r\u00e4\u00e4kis Boll v\u00e4ljaandele Daily Telegraph. \u00abMinu arvates tehti seda meelega. See oli teadlik tsensuur. Palkasin k\u00fcll advokaadi, et otsus vaidlustada, kuid kaotasime h\u00e4\u00e4letusel tulemusega kuus-kaks, kuna meile \u00f6eldi, et film \u00f5hutab v\u00e4givalda migrantide vastu.\u00bb<\/p>\n","protected":false},"excerpt":{"rendered":"\u00abSaksamaa reitinguagentuur keeldus filmile vanusepiirangut andmast, mis t\u00e4hendab, et praegu saab seda seal vaadata vaid siis, kui tellida&hellip;\n","protected":false},"author":2,"featured_media":213760,"comment_status":"","ping_status":"","sticky":false,"template":"","format":"standard","meta":{"footnotes":"","_share_on_mastodon":"0"},"categories":[16],"tags":[587,87432,1391,87436,87428,55800,87431,37,33,35,173,34,36,112,87430,529,9394,23309,140,87434,87433,3738,51,87429,4588,262,87427,87435,77269,21239],"class_list":["post-213759","post","type-post","status-publish","format-standard","has-post-thumbnail","category-meelelahutus","tag-ameerika-uhendriigid","tag-armie-hammer","tag-austria","tag-blu-ray","tag-citizen-vigilante","tag-daily-telegraph","tag-death-wish","tag-ee","tag-eesti","tag-eesti-keel","tag-entertainment","tag-estonia","tag-estonian","tag-euroopa","tag-fsk","tag-hamburg","tag-james-bond","tag-kevin-spacey","tag-meelelahutus","tag-migrantidevastane","tag-nats","tag-putin","tag-saksamaa","tag-saksamaa-reitinguagentuur","tag-sveits","tag-ukraina","tag-uwe-boll","tag-vagivaldne-film","tag-variety","tag-vihakone"],"share_on_mastodon":{"url":"https:\/\/pubeurope.com\/@ee\/116815618719881045","error":""},"_links":{"self":[{"href":"https:\/\/www.europesays.com\/ee\/wp-json\/wp\/v2\/posts\/213759","targetHints":{"allow":["GET"]}}],"collection":[{"href":"https:\/\/www.europesays.com\/ee\/wp-json\/wp\/v2\/posts"}],"about":[{"href":"https:\/\/www.europesays.com\/ee\/wp-json\/wp\/v2\/types\/post"}],"author":[{"embeddable":true,"href":"https:\/\/www.europesays.com\/ee\/wp-json\/wp\/v2\/users\/2"}],"replies":[{"embeddable":true,"href":"https:\/\/www.europesays.com\/ee\/wp-json\/wp\/v2\/comments?post=213759"}],"version-history":[{"count":0,"href":"https:\/\/www.europesays.com\/ee\/wp-json\/wp\/v2\/posts\/213759\/revisions"}],"wp:featuredmedia":[{"embeddable":true,"href":"https:\/\/www.europesays.com\/ee\/wp-json\/wp\/v2\/media\/213760"}],"wp:attachment":[{"href":"https:\/\/www.europesays.com\/ee\/wp-json\/wp\/v2\/media?parent=213759"}],"wp:term":[{"taxonomy":"category","embeddable":true,"href":"https:\/\/www.europesays.com\/ee\/wp-json\/wp\/v2\/categories?post=213759"},{"taxonomy":"post_tag","embeddable":true,"href":"https:\/\/www.europesays.com\/ee\/wp-json\/wp\/v2\/tags?post=213759"}],"curies":[{"name":"wp","href":"https:\/\/api.w.org\/{rel}","templated":true}]}}