{"id":213820,"date":"2026-06-26T10:34:10","date_gmt":"2026-06-26T10:34:10","guid":{"rendered":"https:\/\/www.europesays.com\/ee\/213820\/"},"modified":"2026-06-26T10:34:10","modified_gmt":"2026-06-26T10:34:10","slug":"cate-blanchett-esitles-euroopa-parlamendis-ai-nousolekuregistrit-loovisikute-kaitseks","status":"publish","type":"post","link":"https:\/\/www.europesays.com\/ee\/213820\/","title":{"rendered":"Cate Blanchett esitles Euroopa Parlamendis AI-n\u00f5usolekuregistrit loovisikute kaitseks"},"content":{"rendered":"<p>Tunnustatud Austraalia n\u00e4itleja Cate Blanchett esitles Euroopa Parlamendis oma uut algatust nimega Human Consent Registry (Inimliku N\u00f5usoleku Register). See veebit\u00f6\u00f6riist v\u00f5imaldab inimestel kaitsta oma v\u00e4limust, h\u00e4\u00e4lt ja isikuandmeid tehisaru loata kasutamise eest.<\/p>\n<p>Blanchett j\u00e4tkab sellega oma sihikindlat v\u00f5itlust reguleerimata tehisaru vastu. Austraalia n\u00e4itleja ja produtsent avas tasuta veebilehe, mis annab iga\u00fchele v\u00f5imaluse kaitsta oma identiteeti tehisarus\u00fcsteemide eest.<\/p>\n","protected":false},"excerpt":{"rendered":"Tunnustatud Austraalia n\u00e4itleja Cate Blanchett esitles Euroopa Parlamendis oma uut algatust nimega Human Consent Registry (Inimliku N\u00f5usoleku Register).&hellip;\n","protected":false},"author":2,"featured_media":213821,"comment_status":"","ping_status":"","sticky":false,"template":"","format":"standard","meta":{"footnotes":"","_share_on_mastodon":"0"},"categories":[16],"tags":[87454,22397,33197,81268,324,37,33,35,173,34,36,1948,87450,3024,42178,87448,87451,42309,140,35792,2358,24263,87449,80259,4430,814,87453,87452],"class_list":["post-213820","post","type-post","status-publish","format-standard","has-post-thumbnail","category-meelelahutus","tag-ai-nousolekuregister","tag-autorioigus","tag-ben-stiller","tag-cate-blanchett","tag-donald-trump","tag-ee","tag-eesti","tag-eesti-keel","tag-entertainment","tag-estonia","tag-estonian","tag-euroopa-parlament","tag-eva-maydell","tag-google","tag-helen-mirren","tag-human-consent-registry","tag-javier-bardem","tag-matthew-mcconaughey","tag-meelelahutus","tag-meryl-streep","tag-openai","tag-paul-mccartney","tag-rsl-media","tag-steven-soderbergh","tag-sza","tag-tehisaru","tag-tom-hanks","tag-viola-davis"],"share_on_mastodon":{"url":"https:\/\/pubeurope.com\/@ee\/116815964785025547","error":""},"_links":{"self":[{"href":"https:\/\/www.europesays.com\/ee\/wp-json\/wp\/v2\/posts\/213820","targetHints":{"allow":["GET"]}}],"collection":[{"href":"https:\/\/www.europesays.com\/ee\/wp-json\/wp\/v2\/posts"}],"about":[{"href":"https:\/\/www.europesays.com\/ee\/wp-json\/wp\/v2\/types\/post"}],"author":[{"embeddable":true,"href":"https:\/\/www.europesays.com\/ee\/wp-json\/wp\/v2\/users\/2"}],"replies":[{"embeddable":true,"href":"https:\/\/www.europesays.com\/ee\/wp-json\/wp\/v2\/comments?post=213820"}],"version-history":[{"count":0,"href":"https:\/\/www.europesays.com\/ee\/wp-json\/wp\/v2\/posts\/213820\/revisions"}],"wp:featuredmedia":[{"embeddable":true,"href":"https:\/\/www.europesays.com\/ee\/wp-json\/wp\/v2\/media\/213821"}],"wp:attachment":[{"href":"https:\/\/www.europesays.com\/ee\/wp-json\/wp\/v2\/media?parent=213820"}],"wp:term":[{"taxonomy":"category","embeddable":true,"href":"https:\/\/www.europesays.com\/ee\/wp-json\/wp\/v2\/categories?post=213820"},{"taxonomy":"post_tag","embeddable":true,"href":"https:\/\/www.europesays.com\/ee\/wp-json\/wp\/v2\/tags?post=213820"}],"curies":[{"name":"wp","href":"https:\/\/api.w.org\/{rel}","templated":true}]}}