{"id":213860,"date":"2026-06-26T11:21:22","date_gmt":"2026-06-26T11:21:22","guid":{"rendered":"https:\/\/www.europesays.com\/ee\/213860\/"},"modified":"2026-06-26T11:21:22","modified_gmt":"2026-06-26T11:21:22","slug":"vigade-parandus-%e2%9f%a9-saksa-tuumajaamade-endised-bossid-paluvad-valitsusel-taaskaivitada-reaktorid","status":"publish","type":"post","link":"https:\/\/www.europesays.com\/ee\/213860\/","title":{"rendered":"VIGADE PARANDUS \u27e9 Saksa tuumajaamade endised bossid paluvad valitsusel taask\u00e4ivitada reaktorid"},"content":{"rendered":"<p>Saksamaa endised tuumajaamade juhid hoiatavad, et poliitiline otsus loobuda tuumaenergiast on riigile kalliks maksma l\u00e4inud ning seda ei saa enam vaadelda vaid mineviku veana. Kirjas, mis on j\u00f5udnud nii meediasse kui poliitikute lauale, v\u00e4idetakse, et kolme hiljuti suletud jaama taask\u00e4ivitamine poleks utoopia, vaid realistlik valik.<\/p>\n<p>Arutelu ei k\u00e4i enam \u00fcksnes kliimariskide v\u00f5i aktivistide surve \u00fcle. M\u00e4ngus on energiahind, t\u00f6\u00f6stuse konkurentsiv\u00f5ime ja Saksamaa roll Euroopa elektriturul. Kas poliitiline s\u00fcmbolotsus v\u00f5ib veel p\u00f6\u00f6rduda, kui kaalul on miljardid ja riigi energiajulgeolek?<\/p>\n","protected":false},"excerpt":{"rendered":"Saksamaa endised tuumajaamade juhid hoiatavad, et poliitiline otsus loobuda tuumaenergiast on riigile kalliks maksma l\u00e4inud ning seda ei&hellip;\n","protected":false},"author":2,"featured_media":213861,"comment_status":"","ping_status":"","sticky":false,"template":"","format":"standard","meta":{"footnotes":"","_share_on_mastodon":"0"},"categories":[80],"tags":[4618,26,27,37,33,35,7429,87470,35267,34,36,31,32,1142,9006,21,87468,87473,28,29,95,87471,19,77318,25,21752,87469,23,24,33363,87472,22,20,30,92,93,94],"class_list":["post-213860","post","type-post","status-publish","format-standard","has-post-thumbnail","category-maailm","tag-angela-merkel","tag-breaking-news","tag-breakingnews","tag-ee","tag-eesti","tag-eesti-keel","tag-elektrihind","tag-emsland","tag-energiaturg","tag-estonia","tag-estonian","tag-featured-news","tag-featurednews","tag-friedrich-merz","tag-gerhard-schroder","tag-headlines","tag-isar-2","tag-katharina-reiche","tag-latest-news","tag-latestnews","tag-maailm","tag-neckarwestheim-2","tag-news","tag-olaf-scholz","tag-populaarseimad-lood","tag-saksamaa-energiapoliitika","tag-saksamaa-tuumaenergia","tag-top-stories","tag-topstories","tag-tuumaelektrijaam","tag-tuumaenergia-poliitika","tag-uldised-uudised","tag-uudised","tag-viimased-uudised","tag-world","tag-world-news","tag-worldnews"],"share_on_mastodon":{"url":"","error":"Validation failed: Text character limit of 500 exceeded"},"_links":{"self":[{"href":"https:\/\/www.europesays.com\/ee\/wp-json\/wp\/v2\/posts\/213860","targetHints":{"allow":["GET"]}}],"collection":[{"href":"https:\/\/www.europesays.com\/ee\/wp-json\/wp\/v2\/posts"}],"about":[{"href":"https:\/\/www.europesays.com\/ee\/wp-json\/wp\/v2\/types\/post"}],"author":[{"embeddable":true,"href":"https:\/\/www.europesays.com\/ee\/wp-json\/wp\/v2\/users\/2"}],"replies":[{"embeddable":true,"href":"https:\/\/www.europesays.com\/ee\/wp-json\/wp\/v2\/comments?post=213860"}],"version-history":[{"count":0,"href":"https:\/\/www.europesays.com\/ee\/wp-json\/wp\/v2\/posts\/213860\/revisions"}],"wp:featuredmedia":[{"embeddable":true,"href":"https:\/\/www.europesays.com\/ee\/wp-json\/wp\/v2\/media\/213861"}],"wp:attachment":[{"href":"https:\/\/www.europesays.com\/ee\/wp-json\/wp\/v2\/media?parent=213860"}],"wp:term":[{"taxonomy":"category","embeddable":true,"href":"https:\/\/www.europesays.com\/ee\/wp-json\/wp\/v2\/categories?post=213860"},{"taxonomy":"post_tag","embeddable":true,"href":"https:\/\/www.europesays.com\/ee\/wp-json\/wp\/v2\/tags?post=213860"}],"curies":[{"name":"wp","href":"https:\/\/api.w.org\/{rel}","templated":true}]}}