{"id":213906,"date":"2026-06-26T12:06:34","date_gmt":"2026-06-26T12:06:34","guid":{"rendered":"https:\/\/www.europesays.com\/ee\/213906\/"},"modified":"2026-06-26T12:06:34","modified_gmt":"2026-06-26T12:06:34","slug":"vahi-peamine-riskitegur-on-selgunud-ja-see-ei-ole-suitsetamine-alkohol-ega-paike","status":"publish","type":"post","link":"https:\/\/www.europesays.com\/ee\/213906\/","title":{"rendered":"V\u00e4hi peamine riskitegur on selgunud \u2013 ja see ei ole suitsetamine, alkohol ega p\u00e4ike"},"content":{"rendered":"<p>Kui <a target=\"_blank\" rel=\"noopener noreferrer nofollow\" href=\"https:\/\/link.springer.com\/article\/10.1007\/s10552-004-2414-0\">k\u00fcsida<\/a> inimestelt, mis p\u00f5hjustab v\u00e4hki, pakutakse sageli esimese asjana suitsetamist, alkoholi kuritarvitamist, ebatervislikku toitumist v\u00f5i liigset p\u00e4ikesekiirgust. T\u00f5epoolest, need on olulised ohutegurid, mille v\u00e4ltimiseks tehakse laiaulatuslikke teavituskampaaniaid. Tegelikkuses peidab suurim ja \u00fchtlasi t\u00e4iesti v\u00e4ltimatu riskitegur end aga hoopis mujal.<\/p>\n","protected":false},"excerpt":{"rendered":"Kui k\u00fcsida inimestelt, mis p\u00f5hjustab v\u00e4hki, pakutakse sageli esimese asjana suitsetamist, alkoholi kuritarvitamist, ebatervislikku toitumist v\u00f5i liigset p\u00e4ikesekiirgust.&hellip;\n","protected":false},"author":2,"featured_media":213907,"comment_status":"","ping_status":"","sticky":false,"template":"","format":"standard","meta":{"footnotes":"","_share_on_mastodon":"0"},"categories":[12],"tags":[26,27,87490,37,33,35,34,36,31,32,87489,87491,21,28,29,19,25,21521,23,24,22,20,11708,4194,7514,30],"class_list":["post-213906","post","type-post","status-publish","format-standard","has-post-thumbnail","category-eesti","tag-breaking-news","tag-breakingnews","tag-eakad-vahipatsiendid","tag-ee","tag-eesti","tag-eesti-keel","tag-estonia","tag-estonian","tag-featured-news","tag-featurednews","tag-geriaatriline-hindamine","tag-geriaatriline-onkoloogia","tag-headlines","tag-latest-news","tag-latestnews","tag-news","tag-populaarseimad-lood","tag-tervishoiususteem","tag-top-stories","tag-topstories","tag-uldised-uudised","tag-uudised","tag-vahiravi","tag-vahk","tag-vananemine","tag-viimased-uudised"],"share_on_mastodon":{"url":"https:\/\/pubeurope.com\/@ee\/116816326306862012","error":""},"_links":{"self":[{"href":"https:\/\/www.europesays.com\/ee\/wp-json\/wp\/v2\/posts\/213906","targetHints":{"allow":["GET"]}}],"collection":[{"href":"https:\/\/www.europesays.com\/ee\/wp-json\/wp\/v2\/posts"}],"about":[{"href":"https:\/\/www.europesays.com\/ee\/wp-json\/wp\/v2\/types\/post"}],"author":[{"embeddable":true,"href":"https:\/\/www.europesays.com\/ee\/wp-json\/wp\/v2\/users\/2"}],"replies":[{"embeddable":true,"href":"https:\/\/www.europesays.com\/ee\/wp-json\/wp\/v2\/comments?post=213906"}],"version-history":[{"count":0,"href":"https:\/\/www.europesays.com\/ee\/wp-json\/wp\/v2\/posts\/213906\/revisions"}],"wp:featuredmedia":[{"embeddable":true,"href":"https:\/\/www.europesays.com\/ee\/wp-json\/wp\/v2\/media\/213907"}],"wp:attachment":[{"href":"https:\/\/www.europesays.com\/ee\/wp-json\/wp\/v2\/media?parent=213906"}],"wp:term":[{"taxonomy":"category","embeddable":true,"href":"https:\/\/www.europesays.com\/ee\/wp-json\/wp\/v2\/categories?post=213906"},{"taxonomy":"post_tag","embeddable":true,"href":"https:\/\/www.europesays.com\/ee\/wp-json\/wp\/v2\/tags?post=213906"}],"curies":[{"name":"wp","href":"https:\/\/api.w.org\/{rel}","templated":true}]}}