{"id":213913,"date":"2026-06-26T12:17:18","date_gmt":"2026-06-26T12:17:18","guid":{"rendered":"https:\/\/www.europesays.com\/ee\/213913\/"},"modified":"2026-06-26T12:17:18","modified_gmt":"2026-06-26T12:17:18","slug":"virtsu-kuivastu-liinil-teenindati-viie-paeva-jooksul-50-981-reisijat","status":"publish","type":"post","link":"https:\/\/www.europesays.com\/ee\/213913\/","title":{"rendered":"Virtsu\u2013Kuivastu liinil teenindati viie p\u00e4eva jooksul 50 981 reisijat"},"content":{"rendered":"<p class=\"MsoNormal\">\u201eSaartele s\u00f5ideti peamiselt n\u00e4dalavahetusel ja p\u00fchade eel, tagasi mandrile hakati liikuma p\u00e4rast jaanip\u00e4eva 24. ja 25.juunil. Reisijad planeerisid oma s\u00f5ite h\u00e4sti ning see v\u00f5imaldas suurest n\u00f5udlusest hoolimata pakkuda sujuvat teenindust.<\/p>\n<p class=\"MsoNormal\">Perioodil 21.\u201325. juuni reisis mandri ja suursaarte vahel kokku 70 800 inimest ning \u00fcle V\u00e4inamere veeti 28 350 s\u00f5idukit. V\u00f5rreldes m\u00f6\u00f6dunud aasta sama perioodiga oli reisijaid 4% v\u00e4hem, s\u00f5idukite arv p\u00fcsis aga sisuliselt samal tasemel.<\/p>\n<p class=\"MsoNormal\">Samal ajal on juba ammu v\u00e4lja m\u00fc\u00fcdud 28.juuni saartelt tulevate reiside e-piletid, mis viitab, et paljud inimesed pole veel jaanip\u00e4eva t\u00e4histamast tagasi tulnud ning l\u00f5plikku pilti saame kokku v\u00f5tta alles p\u00e4rast tulevat n\u00e4dalavahetust.<\/p>\n<p class=\"MsoNormal\">Kui vaadata pikemat perioodi ehk 19.\u201325. juunit, oli liiklus mullusest isegi aktiivsem. N\u00e4dala jooksul teenindas TS Laevad 98 568 reisijat ja vedas \u00fcle mere 40 233 s\u00f5idukit, mis t\u00e4hendab v\u00f5rreldes eelmise aastaga vastavalt 1% rohkem reisijaid ja 3% rohkem s\u00f5idukeid.<\/p>\n<p class=\"MsoNormal\">Jaanip\u00fchade k\u00f5ige rahvarohkem p\u00e4ev oli 24. juuni, mil kahel liinil reisis kokku 15 777 inimest. K\u00f5ige rohkem s\u00f5idukeid teenindati 21. juunil, kui \u00fcle V\u00e4inamere veeti 6 167 s\u00f5idukit.<\/p>\n<p class=\"MsoNormal\">Virtsu\u2013Kuivastu liinil teenindati viie p\u00e4eva jooksul 50 981 reisijat ning \u00fcle Suure V\u00e4ina veeti 20 638 s\u00f5idukit. V\u00f5rreldes eelmise aastaga oli reisijaid 2% v\u00e4hem, kuid s\u00f5idukeid 1% rohkem.<\/p>\n<p class=\"MsoNormal\">Rohuk\u00fcla\u2013Heltermaa liinil reisis samal perioodil 19 819 inimest ning veeti \u00fcle mere 7 712 s\u00f5idukit. Mullusega v\u00f5rreldes oli reisijaid 7% v\u00e4hem ja s\u00f5idukeid 2% v\u00e4hem.<\/p>\n<p class=\"MsoNormal\">Virtsu\u2013Kuivastu liinil teenindas n\u00f5udluse tipul lisalaev Regula, mis tegi perioodil 21.\u201325. juuni kokku 42 lisareisi. Neist 14 lisareisi toimus 24. juunil ja 11 lisareisi 25. juunil.<\/p>\n<p class=\"MsoNormal\">\u201eJaanip\u00fchad t\u00e4histavad meie jaoks suvise k\u00f5rghooaja algust. Ees ootavad veel mitmed v\u00e4ga suure n\u00f5udlusega n\u00e4dalavahetused ning kutsume inimesi s\u00f5ite v\u00f5imalusel ette planeerima ja eelistama e-pileti ostmist. Samas julgustame ka sadamakassast pileti ostmist \u2013 \u00fcldj\u00e4rjekorras p\u00e4\u00e4seb samuti reisile umbes 30% laeva mahust. Suvi toob saartele hulgaliselt kultuuri- ja spordis\u00fcndmusi ning loodame, et paljud leiavad ka t\u00e4navu tee Saaremaale ja Hiiumaale,\u201c \u00fctles Aron.<\/p>\n","protected":false},"excerpt":{"rendered":"\u201eSaartele s\u00f5ideti peamiselt n\u00e4dalavahetusel ja p\u00fchade eel, tagasi mandrile hakati liikuma p\u00e4rast jaanip\u00e4eva 24. ja 25.juunil. Reisijad planeerisid&hellip;\n","protected":false},"author":2,"featured_media":213914,"comment_status":"","ping_status":"","sticky":false,"template":"","format":"standard","meta":{"footnotes":"","_share_on_mastodon":"0"},"categories":[12],"tags":[26,27,87496,37,33,35,34,36,31,32,21,3218,28,29,19,25,19540,87494,948,87495,23,24,42655,22,20,47876,30,87493],"class_list":["post-213913","post","type-post","status-publish","format-standard","has-post-thumbnail","category-eesti","tag-breaking-news","tag-breakingnews","tag-e-piletid","tag-ee","tag-eesti","tag-eesti-keel","tag-estonia","tag-estonian","tag-featured-news","tag-featurednews","tag-headlines","tag-hiiumaa","tag-latest-news","tag-latestnews","tag-news","tag-populaarseimad-lood","tag-regula","tag-rohukula-heltermaa-liin","tag-saaremaa","tag-suure-vaina","tag-top-stories","tag-topstories","tag-ts-laevad","tag-uldised-uudised","tag-uudised","tag-vainameri","tag-viimased-uudised","tag-virtsu-kuivastu-liin"],"share_on_mastodon":{"url":"https:\/\/pubeurope.com\/@ee\/116816369920457775","error":""},"_links":{"self":[{"href":"https:\/\/www.europesays.com\/ee\/wp-json\/wp\/v2\/posts\/213913","targetHints":{"allow":["GET"]}}],"collection":[{"href":"https:\/\/www.europesays.com\/ee\/wp-json\/wp\/v2\/posts"}],"about":[{"href":"https:\/\/www.europesays.com\/ee\/wp-json\/wp\/v2\/types\/post"}],"author":[{"embeddable":true,"href":"https:\/\/www.europesays.com\/ee\/wp-json\/wp\/v2\/users\/2"}],"replies":[{"embeddable":true,"href":"https:\/\/www.europesays.com\/ee\/wp-json\/wp\/v2\/comments?post=213913"}],"version-history":[{"count":0,"href":"https:\/\/www.europesays.com\/ee\/wp-json\/wp\/v2\/posts\/213913\/revisions"}],"wp:featuredmedia":[{"embeddable":true,"href":"https:\/\/www.europesays.com\/ee\/wp-json\/wp\/v2\/media\/213914"}],"wp:attachment":[{"href":"https:\/\/www.europesays.com\/ee\/wp-json\/wp\/v2\/media?parent=213913"}],"wp:term":[{"taxonomy":"category","embeddable":true,"href":"https:\/\/www.europesays.com\/ee\/wp-json\/wp\/v2\/categories?post=213913"},{"taxonomy":"post_tag","embeddable":true,"href":"https:\/\/www.europesays.com\/ee\/wp-json\/wp\/v2\/tags?post=213913"}],"curies":[{"name":"wp","href":"https:\/\/api.w.org\/{rel}","templated":true}]}}