{"id":213982,"date":"2026-06-26T13:35:10","date_gmt":"2026-06-26T13:35:10","guid":{"rendered":"https:\/\/www.europesays.com\/ee\/213982\/"},"modified":"2026-06-26T13:35:10","modified_gmt":"2026-06-26T13:35:10","slug":"kliimateadlased-euroopat-rasiv-kuumalaine-poleks-ilma-kliimamuutuseta-voimalik-valismaa","status":"publish","type":"post","link":"https:\/\/www.europesays.com\/ee\/213982\/","title":{"rendered":"Kliimateadlased: Euroopat r\u00e4siv kuumalaine poleks ilma kliimamuutuseta v\u00f5imalik | V\u00e4lismaa"},"content":{"rendered":"<p>Sel n\u00e4dalal L\u00e4\u00e4ne-Euroopat tabanud r\u00e4nk kuumalaine poleks kliimateadlaste s\u00f5nul saanud tekkida ilma inimtekkelise kliimasoojenemiseta.<\/p>\n<p>L\u00e4\u00e4ne-Euroopas t\u00f5usis sel n\u00e4dalal temperatuur kohati \u00fcle 40 kraadi.<\/p>\n<p>Reedel avaldatud uuringust selgub, et veel 50 aastat tagasi olnuks taoline s\u00fcndmus olnud peaaegu v\u00f5imatu, kuid kliimasoojenemise t\u00f5ttu on selle t\u00f5en\u00e4osus viimase kahe aastak\u00fcmne jooksul oluliselt kasvanud.<\/p>\n<p>Kliimateadlaste organisatsioon World Weather Attribution, kuhu kuuluvad teadlased Londoni Imperial College&#8217;ist ning Punase Risti ja Punase Poolkuu kliimakeskusest, kasutas eelretsenseeritud meetodeid, et v\u00f5rrelda selle n\u00e4dala kuumalainet teiste kuumade Euroopa suvedega aastatel 1976 ja 2003.<\/p>\n<p>&#8220;Kogu kuumalaine ulatust arvestades selgus, et viimase 50 aasta jooksul on taolise n\u00e4htuse esinemise t\u00f5en\u00e4osus tohutult kasvanud,&#8221; \u00fctles uuringu juhtivautor, Londoni Imperial College&#8217;i \u00e4\u00e4rmuslike ilmaolude uurija Theodore Keeping.<\/p>\n<p>&#8220;Ilma kliimamuutusteta polnuks selline s\u00fcndmus juunis v\u00f5imalik,&#8221; lisas Keeping. &#8220;Sellised kolmep\u00e4evased \u00f6ised keskmised temperatuurid poleks ilma kliimamuutusteta \u00fchelgi aastaajal v\u00f5imalikud. Samuti on selliste kolmep\u00e4evaste p\u00e4evaste maksimumtemperatuuride esinemise t\u00f5en\u00e4osus alates 1976. aastast suurenenud \u00fcle 500 korra.&#8221;<\/p>\n<p>Aastal 1976 \u00fcletas planeedi keskmine temperatuur t\u00f6\u00f6stusrevolutsiooni eelse taseme vaid 0,3 kraadiga, 2003. aastaks ulatus see n\u00e4itaja 0,6 kraadini ja eelmisel aastal juba 1,4 kraadini. Teadlased on laialdaselt \u00fchel meelel, et soojenemisega muutuvad kuumalained sagedasemaks ja intensiivsemaks.<\/p>\n<p>L\u00e4\u00e4ne- ja Kesk-Euroopas on teadlaste s\u00f5nul tegemist m\u00f5\u00f5tmisajaloo r\u00e4ngima kuumalainega.<\/p>\n<p>Samuti m\u00e4rgitakse uuringus, et sel n\u00e4dalal m\u00f5\u00f5detud p\u00e4evaste temperatuuride kordumise t\u00f5en\u00e4osus on praegu k\u00fcmme korda suurem kui 2003. aasta r\u00e4ngal suvel, mil kuumuse tagaj\u00e4rjel suri 70 000 inimest. Selle n\u00e4dala k\u00f5rgete \u00f6iste temperatuuride esinemise t\u00f5en\u00e4osus on koguni umbes sada korda suurem kui 23 aastat tagasi.<\/p>\n<p>&#8220;Sarnane juunikuine kuumalaine oleks 1976. aastal olnud p\u00e4eval umbes 3,5 kraadi ja 2003. aastal 2 kraadi v\u00f5rra jahedam,&#8221; selgitas Keeping. &#8220;\u00d6ised temperatuurid oleksid 1976. aastal j\u00e4\u00e4nud umbes 2,4 kraadi ja 2003. aasta juunis 1,3 kraadi madalamaks.&#8221;<\/p>\n<p>Suurem kuumus, suurem niiskus<\/p>\n<p>Lisaks laiemale L\u00e4\u00e4ne-Euroopa piirkonna varasemate temperatuuride v\u00f5rdlusele anal\u00fc\u00fcsisid uurijad umbes 850 Euroopa linna andmeid. Selgus, et ligi 45 protsendis linnadest purunes k\u00f5igi aegade m\u00e4rgtermomeetri rekord.<\/p>\n<p>M\u00e4rgtermomeetri n\u00e4it \u00fchendab endas kuiva \u00f5hutemperatuuri ja niiskuse. Seda kasutatakse kuumuse tervisem\u00f5jude hindamiseks, kuna see matkib keha v\u00f5imet end higistamise teel jahutada.<\/p>\n<p>Rekordiliste n\u00e4itude p\u00f5hjal v\u00f5ib eeldada, et &#8220;selle kuumalaine tervisem\u00f5jud on t\u00f5en\u00e4oliselt \u00e4\u00e4rmiselt suured,&#8221; hoiatas Keeping.<\/p>\n<p>Lisaks registreeriti paljudes Euroopa pealinnades kuumim kolmep\u00e4evane periood alates 1950. aastast, mil algas usaldusv\u00e4\u00e4rsete andmete kogumine.<\/p>\n<p>&#8220;Kliimasoojenemise t\u00f5ttu v\u00f5ib paljudes pealinnades suvekuudel selliseid v\u00e4ga k\u00f5rgeid temperatuure n\u00fc\u00fcd regulaarselt oodata,&#8221; nentis Keeping.<\/p>\n<p>Uuringust selgus samuti, et Vaikse ookeani troopilises osas alles algaval looduslikul soojenemisn\u00e4htusel El Ni\u00f1ol ei ole selle n\u00e4dala Euroopa kuumalainele mingit m\u00f5ju.<\/p>\n","protected":false},"excerpt":{"rendered":"Sel n\u00e4dalal L\u00e4\u00e4ne-Euroopat tabanud r\u00e4nk kuumalaine poleks kliimateadlaste s\u00f5nul saanud tekkida ilma inimtekkelise kliimasoojenemiseta. L\u00e4\u00e4ne-Euroopas t\u00f5usis sel n\u00e4dalal&hellip;\n","protected":false},"author":2,"featured_media":213983,"comment_status":"","ping_status":"","sticky":false,"template":"","format":"standard","meta":{"footnotes":"","_share_on_mastodon":"0"},"categories":[5],"tags":[26,27,37,33,35,34,36,31,32,15636,21,4326,87512,2352,28,29,19,21473,25,23,24,22,20,30],"class_list":["post-213982","post","type-post","status-publish","format-standard","has-post-thumbnail","category-uldised-uudised","tag-breaking-news","tag-breakingnews","tag-ee","tag-eesti","tag-eesti-keel","tag-estonia","tag-estonian","tag-featured-news","tag-featurednews","tag-globaalne-soojenemine","tag-headlines","tag-kliima","tag-kliimateadlane","tag-kuumalaine","tag-latest-news","tag-latestnews","tag-news","tag-ohutemperatuur","tag-populaarseimad-lood","tag-top-stories","tag-topstories","tag-uldised-uudised","tag-uudised","tag-viimased-uudised"],"share_on_mastodon":{"url":"https:\/\/pubeurope.com\/@ee\/116816676279020764","error":""},"_links":{"self":[{"href":"https:\/\/www.europesays.com\/ee\/wp-json\/wp\/v2\/posts\/213982","targetHints":{"allow":["GET"]}}],"collection":[{"href":"https:\/\/www.europesays.com\/ee\/wp-json\/wp\/v2\/posts"}],"about":[{"href":"https:\/\/www.europesays.com\/ee\/wp-json\/wp\/v2\/types\/post"}],"author":[{"embeddable":true,"href":"https:\/\/www.europesays.com\/ee\/wp-json\/wp\/v2\/users\/2"}],"replies":[{"embeddable":true,"href":"https:\/\/www.europesays.com\/ee\/wp-json\/wp\/v2\/comments?post=213982"}],"version-history":[{"count":0,"href":"https:\/\/www.europesays.com\/ee\/wp-json\/wp\/v2\/posts\/213982\/revisions"}],"wp:featuredmedia":[{"embeddable":true,"href":"https:\/\/www.europesays.com\/ee\/wp-json\/wp\/v2\/media\/213983"}],"wp:attachment":[{"href":"https:\/\/www.europesays.com\/ee\/wp-json\/wp\/v2\/media?parent=213982"}],"wp:term":[{"taxonomy":"category","embeddable":true,"href":"https:\/\/www.europesays.com\/ee\/wp-json\/wp\/v2\/categories?post=213982"},{"taxonomy":"post_tag","embeddable":true,"href":"https:\/\/www.europesays.com\/ee\/wp-json\/wp\/v2\/tags?post=213982"}],"curies":[{"name":"wp","href":"https:\/\/api.w.org\/{rel}","templated":true}]}}