{"id":214006,"date":"2026-06-26T14:05:09","date_gmt":"2026-06-26T14:05:09","guid":{"rendered":"https:\/\/www.europesays.com\/ee\/214006\/"},"modified":"2026-06-26T14:05:09","modified_gmt":"2026-06-26T14:05:09","slug":"as-ekspress-grupp-omandab-valireklaamiettevotte-leedus","status":"publish","type":"post","link":"https:\/\/www.europesays.com\/ee\/214006\/","title":{"rendered":"AS Ekspress Grupp omandab v\u00e4lireklaamiettev\u00f5tte Leedus"},"content":{"rendered":"<p align=\"justify\">26. juunil 2026 s\u00f5lmis ASi Ekspress Grupp 100%-line t\u00fctarettev\u00f5te UAB LT Screens lepingu v\u00e4lireklaamiettev\u00f5tte UAB LT Advert 100% osade omandamiseks UAB-lt Anlaban.<\/p>\n<p align=\"justify\">UAB LT Advert on Leedus tuntud v\u00e4lireklaamiettev\u00f5te, mis pakub nii staatilisi kui ka digitaalseid meedialahendusi v\u00e4ikestel ja suurtel reklaamipindadel Leedu suurimates omavalitsustes. UAB LT Advertil on ligikaudu 25 t\u00f6\u00f6tajat.<\/p>\n<p align=\"justify\">UAB LT Advert omandamine on kontserni strateegia orgaaniline osa. Tehingu peamine eesm\u00e4rk on laiendada v\u00e4lireklaami- ja digitaalsete ekraanide \u00e4ri Leedu turule ning toetada digitaalse \u00e4risuuna kasvu. See on koosk\u00f5las Ekspress Grupi pikaajalise strateegiaga kasvatada digitaalsete toodete ja teenuste tulu.<\/p>\n<p align=\"justify\">Pooled on kokku leppinud, et tehingu hind ja muud tingimused on konfidentsiaalsed. Tehing on osaliselt finantseeritud pangalaenuga ASist SEB Pank. Tehingut ei loeta olulist t\u00e4htsust omavaks NASDAQ Tallinna b\u00f6rsi reglemendi osa \u201eN\u00f5uded emitentidele\u201d kohaselt. AS Ekspress Grupp kinnitab, et kontserni juhatuse ja n\u00f5ukogu liikmed ei ole tehingust isiklikult huvitatud.<\/p>\n<p align=\"justify\">Tehingu l\u00f5puleviimine n\u00f5uab Leedu konkurentsiameti eelnevat heakskiitu.<\/p>\n<p>Rain Sarapuu<br \/>Kontserni finantsjuht<br \/><a href=\"https:\/\/www.globenewswire.com\/Tracker?data=4hqQ9km5QSJMZ41QT8-RNkyd3mWw2Hz10mSjzcg6HqPoJpqaXJalJHiLMdjFj0Fjun4vCiSDtVUcEub-6P4zpsLe6lY7QgeoAEVnvWQ-cc4=\" rel=\"nofollow noopener\" target=\"_blank\" title=\"rain.sarapuu@egrupp.ee\">rain.sarapuu@egrupp.ee<\/a> \u00a0<\/p>\n<p>AS Ekspress Grupp on Baltimaade juhtiv meediakontsern, mille tegevus h\u00f5lmab veebimeedia sisutootmist ning ajalehtede, ajakirjade ja raamatute kirjastamist. Samuti haldab kontsern elektroonilist piletim\u00fc\u00fcgiplatvormi ja piletim\u00fc\u00fcgikohtasid ning pakub digitaalsete v\u00e4liekraanide teenust Eestis ja L\u00e4tis. Lisaks korraldavad grupi ettev\u00f5tted konverentse, koolitusi ja \u00fcritusi peamiselt Eestis ja Leedus, aga ka L\u00e4tis. Ekspress Grupp alustas oma tegevust 1989. aastal ja annab t\u00f6\u00f6d umbes 1000 inimesele.<\/p>\n<p><img decoding=\"async\" alt=\"\" src=\"https:\/\/www.europesays.com\/ee\/wp-content\/uploads\/2026\/06\/1782482709_331_Ekspress-Grupp.png\" referrerpolicy=\"no-referrer-when-downgrade\"\/><\/p>\n","protected":false},"excerpt":{"rendered":"26. juunil 2026 s\u00f5lmis ASi Ekspress Grupp 100%-line t\u00fctarettev\u00f5te UAB LT Screens lepingu v\u00e4lireklaamiettev\u00f5tte UAB LT Advert 100%&hellip;\n","protected":false},"author":2,"featured_media":7222,"comment_status":"","ping_status":"","sticky":false,"template":"","format":"standard","meta":{"footnotes":"","_share_on_mastodon":"0"},"categories":[14],"tags":[131,130,37,33,35,5674,34,36,5673],"class_list":["post-214006","post","type-post","status-publish","format-standard","has-post-thumbnail","category-ari","tag-ari","tag-business","tag-ee","tag-eesti","tag-eesti-keel","tag-ekspress-grupp","tag-estonia","tag-estonian","tag-tallinn-stock-exchangeeeg1t"],"share_on_mastodon":{"url":"https:\/\/pubeurope.com\/@ee\/116816794281539175","error":""},"_links":{"self":[{"href":"https:\/\/www.europesays.com\/ee\/wp-json\/wp\/v2\/posts\/214006","targetHints":{"allow":["GET"]}}],"collection":[{"href":"https:\/\/www.europesays.com\/ee\/wp-json\/wp\/v2\/posts"}],"about":[{"href":"https:\/\/www.europesays.com\/ee\/wp-json\/wp\/v2\/types\/post"}],"author":[{"embeddable":true,"href":"https:\/\/www.europesays.com\/ee\/wp-json\/wp\/v2\/users\/2"}],"replies":[{"embeddable":true,"href":"https:\/\/www.europesays.com\/ee\/wp-json\/wp\/v2\/comments?post=214006"}],"version-history":[{"count":0,"href":"https:\/\/www.europesays.com\/ee\/wp-json\/wp\/v2\/posts\/214006\/revisions"}],"wp:featuredmedia":[{"embeddable":true,"href":"https:\/\/www.europesays.com\/ee\/wp-json\/wp\/v2\/media\/7222"}],"wp:attachment":[{"href":"https:\/\/www.europesays.com\/ee\/wp-json\/wp\/v2\/media?parent=214006"}],"wp:term":[{"taxonomy":"category","embeddable":true,"href":"https:\/\/www.europesays.com\/ee\/wp-json\/wp\/v2\/categories?post=214006"},{"taxonomy":"post_tag","embeddable":true,"href":"https:\/\/www.europesays.com\/ee\/wp-json\/wp\/v2\/tags?post=214006"}],"curies":[{"name":"wp","href":"https:\/\/api.w.org\/{rel}","templated":true}]}}