{"id":214583,"date":"2026-06-27T09:06:15","date_gmt":"2026-06-27T09:06:15","guid":{"rendered":"https:\/\/www.europesays.com\/ee\/214583\/"},"modified":"2026-06-27T09:06:15","modified_gmt":"2026-06-27T09:06:15","slug":"alar-karis-%e2%9f%a9-eesti-on-meie-oma-ning-jaagu-ta-alati-vabaks","status":"publish","type":"post","link":"https:\/\/www.europesays.com\/ee\/214583\/","title":{"rendered":"ALAR KARIS \u27e9 Eesti on meie oma ning j\u00e4\u00e4gu ta alati vabaks"},"content":{"rendered":"<p>Need on Eesti saavutused. Need on Eesti rahva saavutused. Ja need on s\u00fcndinud meie \u00fchisest tahtest. Nad p\u00f5hinevad jagatud vastutusel, koost\u00f6\u00f6l ja usaldusel \u00fcksteise vastu. Nagu ikka kodudes.<\/p>\n<p>See usaldus ja koost\u00f6\u00f6 on meie suurim tugevus ja julgeolekugarantii. Sest sellist tugevust meie vastastel ei ole. Hoidkem seda. Sest aeg ei oota.<\/p>\n<p>Meie ees seisavad alati uued katsumused. Palju t\u00f6\u00f6d on veel teha mehitamata s\u00fcsteemide ja nende t\u00f5rje arendamisel, sealhulgas koos ukrainlastega. Ning lisaks tavap\u00e4rastele ohtudele \u00fcllatavad vastased meid alati uute ja ootamatutega.<\/p>\n<p>Vajadus olla valmis ei kao. Vajadus julgeteks otsusteks ei kao. Kuid viimased aastad on meile meenutanud, milleks me oleme v\u00f5imelised. Need on kinnitanud, et ka meie tulevik on meie oma.<\/p>\n<p>T\u00e4nasel pidup\u00e4eval on paslik r\u00f5hutada, et riigikaitse keskmes on inimene. Sestap t\u00e4nagem k\u00f5iki neid, kes vormi kandes seisavad Eesti vabaduse ja turvalisuse eest. Kaitsev\u00e4elasi, kaitseliitlasi, politseinikke, piirivalvureid ja p\u00e4\u00e4stjaid. Neid, kes on v\u00f5tnud enda kanda otsese riigikaitsevastutuse.<\/p>\n<p>Kuid t\u00e4nagem ka neid, kes seisavad Eesti eest ilma vormita. Neid, kes \u00f5petavad meie lapsi, loovad ettev\u00f5tteid, arendavad teadust ja tehnoloogiat, hoiavad t\u00f6\u00f6s elut\u00e4htsaid teenuseid ning kes aitavad kriisi ajal oma inimesi. Sest kodu ei kaitse mitte ainult see, kes seisab v\u00e4ravas. Kodu kaitsevad ka need, kes hoiavad seda soojas.<\/p>\n<p>Eesti tugevus s\u00fcnnib siis, kui k\u00f5ik n\u00e4evad oma osa riigikaitses. Kui valmisolek kaitsta k\u00e4ib k\u00e4sik\u00e4es valmisolekuga toetada. Ning kui iga inimene tunneb, et Eesti on tema oma.<\/p>\n<p>Head Eesti inimesed, riigipeana soovin teile viimast korda head v\u00f5idup\u00fcha ja r\u00f5\u00f5msat jaani\u00f5htut.<\/p>\n<p>Hoidkem ja kaitskem oma peret, oma l\u00e4hedasi ning oma kodu \u2212 nii kitsas kui ka laias t\u00e4henduses. Eesti on meie oma. Ja j\u00e4\u00e4gu ta alati vabaks.<\/p>\n<p>Eesti Vabariigi presidendi Alar Karise k\u00f5ne v\u00f5idup\u00fcha t\u00e4histamisel Raplas.<\/p>\n","protected":false},"excerpt":{"rendered":"Need on Eesti saavutused. Need on Eesti rahva saavutused. Ja need on s\u00fcndinud meie \u00fchisest tahtest. Nad p\u00f5hinevad&hellip;\n","protected":false},"author":2,"featured_media":214584,"comment_status":"","ping_status":"","sticky":false,"template":"","format":"standard","meta":{"footnotes":"","_share_on_mastodon":"0"},"categories":[12],"tags":[1687,26,27,37,33,35,34,36,31,32,21,28,29,19,25,23,24,22,20,23405,30],"class_list":["post-214583","post","type-post","status-publish","format-standard","has-post-thumbnail","category-eesti","tag-alar-karis","tag-breaking-news","tag-breakingnews","tag-ee","tag-eesti","tag-eesti-keel","tag-estonia","tag-estonian","tag-featured-news","tag-featurednews","tag-headlines","tag-latest-news","tag-latestnews","tag-news","tag-populaarseimad-lood","tag-top-stories","tag-topstories","tag-uldised-uudised","tag-uudised","tag-vaba-eesti","tag-viimased-uudised"],"share_on_mastodon":{"url":"https:\/\/pubeurope.com\/@ee\/116821281098370234","error":""},"_links":{"self":[{"href":"https:\/\/www.europesays.com\/ee\/wp-json\/wp\/v2\/posts\/214583","targetHints":{"allow":["GET"]}}],"collection":[{"href":"https:\/\/www.europesays.com\/ee\/wp-json\/wp\/v2\/posts"}],"about":[{"href":"https:\/\/www.europesays.com\/ee\/wp-json\/wp\/v2\/types\/post"}],"author":[{"embeddable":true,"href":"https:\/\/www.europesays.com\/ee\/wp-json\/wp\/v2\/users\/2"}],"replies":[{"embeddable":true,"href":"https:\/\/www.europesays.com\/ee\/wp-json\/wp\/v2\/comments?post=214583"}],"version-history":[{"count":0,"href":"https:\/\/www.europesays.com\/ee\/wp-json\/wp\/v2\/posts\/214583\/revisions"}],"wp:featuredmedia":[{"embeddable":true,"href":"https:\/\/www.europesays.com\/ee\/wp-json\/wp\/v2\/media\/214584"}],"wp:attachment":[{"href":"https:\/\/www.europesays.com\/ee\/wp-json\/wp\/v2\/media?parent=214583"}],"wp:term":[{"taxonomy":"category","embeddable":true,"href":"https:\/\/www.europesays.com\/ee\/wp-json\/wp\/v2\/categories?post=214583"},{"taxonomy":"post_tag","embeddable":true,"href":"https:\/\/www.europesays.com\/ee\/wp-json\/wp\/v2\/tags?post=214583"}],"curies":[{"name":"wp","href":"https:\/\/api.w.org\/{rel}","templated":true}]}}