{"id":214657,"date":"2026-06-27T12:01:11","date_gmt":"2026-06-27T12:01:11","guid":{"rendered":"https:\/\/www.europesays.com\/ee\/214657\/"},"modified":"2026-06-27T12:01:11","modified_gmt":"2026-06-27T12:01:11","slug":"ukraina-hurjutab-netflixi-masa-ja-karu-uute-hooaegade-ostmise-parast","status":"publish","type":"post","link":"https:\/\/www.europesays.com\/ee\/214657\/","title":{"rendered":"Ukraina hurjutab Netflixi \u00abMa\u0161a ja Karu\u00bb uute hooaegade ostmise p\u00e4rast"},"content":{"rendered":"<p class=\"MsoNormal\">Lisaks \u00abMa\u0161a ja Karu\u00bb uute hooaegade \u00f5iguste omandamisele pikendas USA voogedastusteenus sarja levitamise litsentsi kehtivusaega enam kui sajas riigis, vahendas The New Voice of Ukraine. Selle tulemusel on sari vaadatav Ameerika \u00dchendriikides ja Kanadas, Euroopas on \u00abMa\u0161a ja Karu\u00bb k\u00e4ttesaadav Prantsusmaal ja Portugalis, samuti P\u00f5hjamaades ja Beneluxi riikides. Aasias kuuluvad Netflixile \u00f5igused sellistel turgudel nagu India, Jaapan, L\u00f5una-Korea ja Malaisia, lisaks on sari k\u00e4ttesaadav ka L\u00e4his-Idas ja Ladina-Ameerikas.<\/p>\n","protected":false},"excerpt":{"rendered":"Lisaks \u00abMa\u0161a ja Karu\u00bb uute hooaegade \u00f5iguste omandamisele pikendas USA voogedastusteenus sarja levitamise litsentsi kehtivusaega enam kui sajas&hellip;\n","protected":false},"author":2,"featured_media":214658,"comment_status":"","ping_status":"","sticky":false,"template":"","format":"standard","meta":{"footnotes":"","_share_on_mastodon":"0"},"categories":[80],"tags":[26,27,37,33,35,34,36,31,32,21,28,29,95,87941,8577,19,87942,25,23,24,262,87943,22,20,27467,7448,96,30,92,93,94],"class_list":["post-214657","post","type-post","status-publish","format-standard","has-post-thumbnail","category-maailm","tag-breaking-news","tag-breakingnews","tag-ee","tag-eesti","tag-eesti-keel","tag-estonia","tag-estonian","tag-featured-news","tag-featurednews","tag-headlines","tag-latest-news","tag-latestnews","tag-maailm","tag-masa-ja-karu","tag-netflix","tag-news","tag-pehme-joud","tag-populaarseimad-lood","tag-top-stories","tag-topstories","tag-ukraina","tag-ukraina-kultuuriministeerium","tag-uldised-uudised","tag-uudised","tag-vene-kultuur","tag-vene-propaganda","tag-venemaa","tag-viimased-uudised","tag-world","tag-world-news","tag-worldnews"],"share_on_mastodon":{"url":"https:\/\/pubeurope.com\/@ee\/116821969031437491","error":""},"_links":{"self":[{"href":"https:\/\/www.europesays.com\/ee\/wp-json\/wp\/v2\/posts\/214657","targetHints":{"allow":["GET"]}}],"collection":[{"href":"https:\/\/www.europesays.com\/ee\/wp-json\/wp\/v2\/posts"}],"about":[{"href":"https:\/\/www.europesays.com\/ee\/wp-json\/wp\/v2\/types\/post"}],"author":[{"embeddable":true,"href":"https:\/\/www.europesays.com\/ee\/wp-json\/wp\/v2\/users\/2"}],"replies":[{"embeddable":true,"href":"https:\/\/www.europesays.com\/ee\/wp-json\/wp\/v2\/comments?post=214657"}],"version-history":[{"count":0,"href":"https:\/\/www.europesays.com\/ee\/wp-json\/wp\/v2\/posts\/214657\/revisions"}],"wp:featuredmedia":[{"embeddable":true,"href":"https:\/\/www.europesays.com\/ee\/wp-json\/wp\/v2\/media\/214658"}],"wp:attachment":[{"href":"https:\/\/www.europesays.com\/ee\/wp-json\/wp\/v2\/media?parent=214657"}],"wp:term":[{"taxonomy":"category","embeddable":true,"href":"https:\/\/www.europesays.com\/ee\/wp-json\/wp\/v2\/categories?post=214657"},{"taxonomy":"post_tag","embeddable":true,"href":"https:\/\/www.europesays.com\/ee\/wp-json\/wp\/v2\/tags?post=214657"}],"curies":[{"name":"wp","href":"https:\/\/api.w.org\/{rel}","templated":true}]}}