{"id":214695,"date":"2026-06-27T13:04:12","date_gmt":"2026-06-27T13:04:12","guid":{"rendered":"https:\/\/www.europesays.com\/ee\/214695\/"},"modified":"2026-06-27T13:04:12","modified_gmt":"2026-06-27T13:04:12","slug":"raul-oreskin-hammustava-hobuse-juhtum-maale-elama-edasi","status":"publish","type":"post","link":"https:\/\/www.europesays.com\/ee\/214695\/","title":{"rendered":"Raul Ore\u0161kin: hammustava hobuse juhtum. &#8220;Maale elama&#8221; \u2013 Edasi"},"content":{"rendered":"<p>\t\t\t<img loading=\"lazy\" width=\"1024\" height=\"768\" src=\"data:image\/svg+xml,%3Csvg%20xmlns=\" http:=\"\" class=\"attachment-hive-single-image size-hive-single-image wp-post-image\" alt=\"\" decoding=\"async\" data-lazy- data-lazy- data-attachment-id=\"277575\" data-permalink=\"https:\/\/edasi.org\/277572\/raul-oreskin-hammustava-hobuse-juhtum\/tuuli-vahesaar-vassili-hammustav-hobune\/\" data-orig-file=\"https:\/\/edasi.org\/wp-content\/uploads\/2026\/06\/Tuuli-Vahesaar-Vassili-hammustav-hobune.webp\" data-orig-size=\"1448,1086\" data-comments-opened=\"0\" data-image-title=\"Tuuli Vahesaar Vassili hammustav hobune\" data-image-description=\"\" data-image-caption=\"&lt;p&gt;Vassili hammustav hobune.&lt;\/p&gt;&#10;\" data-large-file=\"https:\/\/www.europesays.com\/ee\/wp-content\/uploads\/2026\/06\/Tuuli-Vahesaar-Vassili-hammustav-hobune-1024x768.webp\" data-lazy-src=\"https:\/\/www.europesays.com\/ee\/wp-content\/uploads\/2026\/06\/Tuuli-Vahesaar-Vassili-hammustav-hobune-1024x768.webp\"\/>\t\t\tVassili hammustav hobune.\t\t<\/p>\n<p class=\"intro\">Kohalikud lood ei p\u00fcsi kunagi paigal. Need p\u00f5imuvad omavahel, kasvavad ajas, omandavad uusi t\u00e4hendusi ning seovad l\u00e4bi aset leidnud s\u00fcndmuste inimesi ja paiku.<\/p>\n<p>Voronja galerii 13. hooaeg on n\u00fc\u00fcdseks juba hooga k\u00e4imas ja nagu igal suvel, hakkab ka t\u00e4navune n\u00e4itus tasapisi meie endi igap\u00e4evaellu imbuma. Nii on see olnud ka k\u00f5igil eelnevatel aastatel. Kui \u00fchel hooajal hakkad k\u00f5ikjal m\u00e4rkama piiride teemat, siis teisel kummitavad sind veel kuid hiljem m\u00f5tted teaduse ja ulme kokkupuutekohtadest. T\u00e4navune v\u00e4ljapanek on kohalikest lugudest, legendidest ja kuulujuttudest s\u00f5na otseses m\u00f5ttes pungil, sest selle on kokku pannud Varnjas elavad kunstnikud Tuuli Vahesaar ja Martin Laiapea. M\u00f5ned neist seikadest s\u00fcndisid n\u00e4itust ette valmistades, teised aga on siin kandis ringelnud juba ammu enne seda, kui Tuuli ja Martin kuus aastat tagasi Peipsiveerele elama asusid. M\u00f5ned meenutused on aga juba selle paari n\u00e4dalavahetusega, mil n\u00e4itus avatud on olnud, saanud juurde t\u00e4iesti uusi kihte. On neid, mis on muutunud m\u00fcstilisemaks ja m\u00f5ni lugu on saanud ka l\u00f5puks t\u00fckk maad selgemaks. \u00dcks neist puudutab hammustava hobuse juhtumit.<\/p>\n<p>\t<a href=\"https:\/\/edasi.org\/tootekategooria\/tellimused\/\" aria-label=\"Edasi hoiab sind heas vaimses vormis. Ka suvel&#010;\" rel=\"nofollow noopener\" target=\"_blank\"><img loading=\"lazy\" decoding=\"async\" src=\"data:image\/svg+xml,%3Csvg%20xmlns=\" http:=\"\" alt=\"\" data-lazy- data-lazy- class=\"no-lazyload\" width=\"1200\" height=\"628\" data-lazy-src=\"https:\/\/www.europesays.com\/ee\/wp-content\/uploads\/2026\/06\/1782101110_826_Edasi_heas_vaimses_vormis_1200x628.webp\"\/><\/a><\/p>\n","protected":false},"excerpt":{"rendered":"Vassili hammustav hobune. Kohalikud lood ei p\u00fcsi kunagi paigal. Need p\u00f5imuvad omavahel, kasvavad ajas, omandavad uusi t\u00e4hendusi ning&hellip;\n","protected":false},"author":2,"featured_media":214696,"comment_status":"","ping_status":"","sticky":false,"template":"","format":"standard","meta":{"footnotes":"","_share_on_mastodon":"0"},"categories":[16],"tags":[37,33,35,173,34,36,8035,10636,426,140,280,308],"class_list":["post-214695","post","type-post","status-publish","format-standard","has-post-thumbnail","category-meelelahutus","tag-ee","tag-eesti","tag-eesti-keel","tag-entertainment","tag-estonia","tag-estonian","tag-kiri","tag-legendid","tag-maaelu","tag-meelelahutus","tag-teadus","tag-tervis"],"share_on_mastodon":{"url":"https:\/\/pubeurope.com\/@ee\/116822216934757643","error":""},"_links":{"self":[{"href":"https:\/\/www.europesays.com\/ee\/wp-json\/wp\/v2\/posts\/214695","targetHints":{"allow":["GET"]}}],"collection":[{"href":"https:\/\/www.europesays.com\/ee\/wp-json\/wp\/v2\/posts"}],"about":[{"href":"https:\/\/www.europesays.com\/ee\/wp-json\/wp\/v2\/types\/post"}],"author":[{"embeddable":true,"href":"https:\/\/www.europesays.com\/ee\/wp-json\/wp\/v2\/users\/2"}],"replies":[{"embeddable":true,"href":"https:\/\/www.europesays.com\/ee\/wp-json\/wp\/v2\/comments?post=214695"}],"version-history":[{"count":0,"href":"https:\/\/www.europesays.com\/ee\/wp-json\/wp\/v2\/posts\/214695\/revisions"}],"wp:featuredmedia":[{"embeddable":true,"href":"https:\/\/www.europesays.com\/ee\/wp-json\/wp\/v2\/media\/214696"}],"wp:attachment":[{"href":"https:\/\/www.europesays.com\/ee\/wp-json\/wp\/v2\/media?parent=214695"}],"wp:term":[{"taxonomy":"category","embeddable":true,"href":"https:\/\/www.europesays.com\/ee\/wp-json\/wp\/v2\/categories?post=214695"},{"taxonomy":"post_tag","embeddable":true,"href":"https:\/\/www.europesays.com\/ee\/wp-json\/wp\/v2\/tags?post=214695"}],"curies":[{"name":"wp","href":"https:\/\/api.w.org\/{rel}","templated":true}]}}