{"id":214738,"date":"2026-06-27T14:36:10","date_gmt":"2026-06-27T14:36:10","guid":{"rendered":"https:\/\/www.europesays.com\/ee\/214738\/"},"modified":"2026-06-27T14:36:10","modified_gmt":"2026-06-27T14:36:10","slug":"delfi-video-kreekast-jarjest-katseid-voitev-virves-auto-suures-plaanis-tootab-suurt-probleemi-ei-ole","status":"publish","type":"post","link":"https:\/\/www.europesays.com\/ee\/214738\/","title":{"rendered":"DELFI VIDEO KREEKAST | J\u00e4rjest katseid v\u00f5itev Virves: auto suures plaanis t\u00f6\u00f6tab, suurt probleemi ei ole"},"content":{"rendered":"<p>Laup\u00e4eva eel oli kahe mehe vahe 8,2 sekundit, aga t\u00e4nase esimese katsega kasvatas norralane vahe 15,7 peale. Sealt edasi valitses hommikut Virves, kes v\u00f5ttis kolm katsev\u00f5itu j\u00e4rjest.<\/p>\n<p>\u201eKartsin rehvide p\u00e4rast, hommikul sai kindlasti liiga palju \u00e4ra antud,\u201c r\u00e4\u00e4kis Virves l\u00f5unapausi ajal. \u201eTagantj\u00e4rele vaadates tundub, et rehvikulunemine poleks olnud nii suur probleem kui arvasin.\u201c<\/p>\n<p>Virves lisas t\u00e4nase osas, et <a rel=\"noopener nofollow\" target=\"_blank\" href=\"https:\/\/www.delfi.ee\/teema\/637\/skoda\" tag-id=\"637\">\u0160koda<\/a> masin toimib neil teedel h\u00e4sti, aga legendi osas on olnud puuduj\u00e4\u00e4ke. \u201eAuto suures plaanis t\u00f6\u00f6tab, suurt probleemi ei ole. Kui esimest korda s\u00f5idad katset ja (legend) pole \u00fchtlane ning pead kogu millekski valmis olema, siis on natukene raske suruda,\u201c t\u00f5des ta.<\/p>\n<p>Vaata pikemalt Delfi videost!<\/p>\n<p>Kuidas see lugu Sind end tundma pani? Saada <a href=\"https:\/\/sport.delfi.ee\/artikkel\/120593564\/delfi-video-kreekast-jarjest-katseid-voitev-virves-auto-suures-plaanis-tootab-suurt-probleemi-ei-ole\/kommentaarid\" class=\"article-body-bottom__comment article-body-bottom__comment--write button button--primary button--size-auto\" rel=\"nofollow noopener\" target=\"_blank\"> Kommenteeri <\/a><a href=\"https:\/\/sport.delfi.ee\/artikkel\/120593564\/delfi-video-kreekast-jarjest-katseid-voitev-virves-auto-suures-plaanis-tootab-suurt-probleemi-ei-ole\/kommentaarid\" class=\"article-body-bottom__comment article-body-bottom__comment--read button button--size-auto\" rel=\"nofollow noopener\" target=\"_blank\"> Loe kommentaare (1)<\/a><\/p>\n","protected":false},"excerpt":{"rendered":"Laup\u00e4eva eel oli kahe mehe vahe 8,2 sekundit, aga t\u00e4nase esimese katsega kasvatas norralane vahe 15,7 peale. Sealt&hellip;\n","protected":false},"author":2,"featured_media":214739,"comment_status":"","ping_status":"","sticky":false,"template":"","format":"standard","meta":{"footnotes":"","_share_on_mastodon":"0"},"categories":[18],"tags":[21855,37,33,35,34,36,3017,3016,8659,159,158,5353],"class_list":["post-214738","post","type-post","status-publish","format-standard","has-post-thumbnail","category-sport","tag-andreas-mikkelsen","tag-ee","tag-eesti","tag-eesti-keel","tag-estonia","tag-estonian","tag-jakko-viilo","tag-robert-virves","tag-skoda","tag-sport","tag-sports","tag-wrc2"],"share_on_mastodon":{"url":"https:\/\/pubeurope.com\/@ee\/116822579118687054","error":""},"_links":{"self":[{"href":"https:\/\/www.europesays.com\/ee\/wp-json\/wp\/v2\/posts\/214738","targetHints":{"allow":["GET"]}}],"collection":[{"href":"https:\/\/www.europesays.com\/ee\/wp-json\/wp\/v2\/posts"}],"about":[{"href":"https:\/\/www.europesays.com\/ee\/wp-json\/wp\/v2\/types\/post"}],"author":[{"embeddable":true,"href":"https:\/\/www.europesays.com\/ee\/wp-json\/wp\/v2\/users\/2"}],"replies":[{"embeddable":true,"href":"https:\/\/www.europesays.com\/ee\/wp-json\/wp\/v2\/comments?post=214738"}],"version-history":[{"count":0,"href":"https:\/\/www.europesays.com\/ee\/wp-json\/wp\/v2\/posts\/214738\/revisions"}],"wp:featuredmedia":[{"embeddable":true,"href":"https:\/\/www.europesays.com\/ee\/wp-json\/wp\/v2\/media\/214739"}],"wp:attachment":[{"href":"https:\/\/www.europesays.com\/ee\/wp-json\/wp\/v2\/media?parent=214738"}],"wp:term":[{"taxonomy":"category","embeddable":true,"href":"https:\/\/www.europesays.com\/ee\/wp-json\/wp\/v2\/categories?post=214738"},{"taxonomy":"post_tag","embeddable":true,"href":"https:\/\/www.europesays.com\/ee\/wp-json\/wp\/v2\/tags?post=214738"}],"curies":[{"name":"wp","href":"https:\/\/api.w.org\/{rel}","templated":true}]}}