{"id":214812,"date":"2026-06-27T16:26:17","date_gmt":"2026-06-27T16:26:17","guid":{"rendered":"https:\/\/www.europesays.com\/ee\/214812\/"},"modified":"2026-06-27T16:26:17","modified_gmt":"2026-06-27T16:26:17","slug":"fotod-%e2%9f%a9-hollywoodi-megastaar-zendaya-astus-punasele-vaibale-vaid-t-sargi-vael","status":"publish","type":"post","link":"https:\/\/www.europesays.com\/ee\/214812\/","title":{"rendered":"FOTOD \u27e9 Hollywoodi megastaar Zendaya astus punasele vaibale vaid T-s\u00e4rgi v\u00e4el"},"content":{"rendered":"<p>Sel suvel vallutab kinoekraanid j\u00e4rjekordne Marveli film \u00ab\u00c4mblikmees. T\u00e4itsa uus p\u00e4ev\u00bb, mis j\u00f5uab vaatajateni juuli l\u00f5pus. Olgugi et filmi ametliku esilinastuseni on veel kuu aega, tuuritavad selle staarid pressituuriga juba m\u00f6\u00f6da maailma. K\u00e4esoleval n\u00e4dalal on peaosat\u00e4itjad Tom Holland ja Zendaya, kes on juhtumisi ka abielus, Euroopas ja v\u00f5itlevad laastava kuumalainega.<\/p>\n","protected":false},"excerpt":{"rendered":"Sel suvel vallutab kinoekraanid j\u00e4rjekordne Marveli film \u00ab\u00c4mblikmees. T\u00e4itsa uus p\u00e4ev\u00bb, mis j\u00f5uab vaatajateni juuli l\u00f5pus. Olgugi et&hellip;\n","protected":false},"author":2,"featured_media":214813,"comment_status":"","ping_status":"","sticky":false,"template":"","format":"standard","meta":{"footnotes":"","_share_on_mastodon":"0"},"categories":[16],"tags":[80641,87997,1289,37,33,35,173,34,36,6586,2352,87018,31589,140,87999,82748,125,16757,55498,87998,55499],"class_list":["post-214812","post","type-post","status-publish","format-standard","has-post-thumbnail","category-meelelahutus","tag-amblikmees-taitsa-uus-paev","tag-christian-louboutin","tag-christopher-nolan","tag-ee","tag-eesti","tag-eesti-keel","tag-entertainment","tag-estonia","tag-estonian","tag-hollywood","tag-kuumalaine","tag-law-roach","tag-marvel","tag-meelelahutus","tag-odusseia-film","tag-page-six","tag-pariis","tag-punane-vaip","tag-tom-holland","tag-vintage-t-sark","tag-zendaya"],"share_on_mastodon":{"url":"https:\/\/pubeurope.com\/@ee\/116823011304573005","error":""},"_links":{"self":[{"href":"https:\/\/www.europesays.com\/ee\/wp-json\/wp\/v2\/posts\/214812","targetHints":{"allow":["GET"]}}],"collection":[{"href":"https:\/\/www.europesays.com\/ee\/wp-json\/wp\/v2\/posts"}],"about":[{"href":"https:\/\/www.europesays.com\/ee\/wp-json\/wp\/v2\/types\/post"}],"author":[{"embeddable":true,"href":"https:\/\/www.europesays.com\/ee\/wp-json\/wp\/v2\/users\/2"}],"replies":[{"embeddable":true,"href":"https:\/\/www.europesays.com\/ee\/wp-json\/wp\/v2\/comments?post=214812"}],"version-history":[{"count":0,"href":"https:\/\/www.europesays.com\/ee\/wp-json\/wp\/v2\/posts\/214812\/revisions"}],"wp:featuredmedia":[{"embeddable":true,"href":"https:\/\/www.europesays.com\/ee\/wp-json\/wp\/v2\/media\/214813"}],"wp:attachment":[{"href":"https:\/\/www.europesays.com\/ee\/wp-json\/wp\/v2\/media?parent=214812"}],"wp:term":[{"taxonomy":"category","embeddable":true,"href":"https:\/\/www.europesays.com\/ee\/wp-json\/wp\/v2\/categories?post=214812"},{"taxonomy":"post_tag","embeddable":true,"href":"https:\/\/www.europesays.com\/ee\/wp-json\/wp\/v2\/tags?post=214812"}],"curies":[{"name":"wp","href":"https:\/\/api.w.org\/{rel}","templated":true}]}}