{"id":214885,"date":"2026-06-27T19:02:13","date_gmt":"2026-06-27T19:02:13","guid":{"rendered":"https:\/\/www.europesays.com\/ee\/214885\/"},"modified":"2026-06-27T19:02:13","modified_gmt":"2026-06-27T19:02:13","slug":"chiron-sonnis-%e2%9f%a9-seitse-aastat-uutmoodi-haavade-tervendamist-mida-toob-see-sinule","status":"publish","type":"post","link":"https:\/\/www.europesays.com\/ee\/214885\/","title":{"rendered":"CHIRON S\u00d5NNIS \u27e9 Seitse aastat uutmoodi haavade tervendamist: mida toob see sinule?"},"content":{"rendered":"<p>Sel suvel saame kogeda sissejuhatust \u00abhaavatud tervendaja\u00bb Chironi uude teekonda, mis hakkab v\u00e4ljenduma eriti suhtes keha, ressursside, raha ja loodusega. Loe l\u00e4hemalt, mida oodata ja millist eluvaldkonda puudutab see just sinul.<\/p>\n<p>20. juuni \u00f6\u00f6l liikus Chiron, meie P\u00e4ikeses\u00fcsteemi \u00abhaavatud tervendaja\u00bb esmakordselt S\u00f5nni ning l\u00f5ppes teekond J\u00e4\u00e4ras, mis oli alanud juba 2018. aastal.<\/p>\n","protected":false},"excerpt":{"rendered":"Sel suvel saame kogeda sissejuhatust \u00abhaavatud tervendaja\u00bb Chironi uude teekonda, mis hakkab v\u00e4ljenduma eriti suhtes keha, ressursside, raha&hellip;\n","protected":false},"author":2,"featured_media":214886,"comment_status":"","ping_status":"","sticky":false,"template":"","format":"standard","meta":{"footnotes":"","_share_on_mastodon":"0"},"categories":[16],"tags":[19497,9943,88033,15045,84428,37,33,35,173,21170,34,36,88032,206,19493,19496,9135,6558,9138,15043,19494,47929,140,21554,19495,26183,9137,843,9136,16025,88034,4194,9139],"class_list":["post-214885","post","type-post","status-publish","format-standard","has-post-thumbnail","category-meelelahutus","tag-ambur","tag-astroloogia","tag-astroloogilised-majad","tag-chiron","tag-chiron-sonnis","tag-ee","tag-eesti","tag-eesti-keel","tag-entertainment","tag-esoteerika","tag-estonia","tag-estonian","tag-haavatud-ravitseja","tag-horoskoop","tag-jaar","tag-kaalud","tag-kaksikud","tag-kalad","tag-kaljukits","tag-kentaur","tag-lovi","tag-margit-korbe","tag-meelelahutus","tag-mutoloogia","tag-neitsi","tag-planeediseisud","tag-skorpion","tag-sodiaagimargid","tag-sonn","tag-taevaseisud","tag-tahemargids","tag-vahk","tag-veevalaja"],"share_on_mastodon":{"url":"https:\/\/pubeurope.com\/@ee\/116823624689529848","error":""},"_links":{"self":[{"href":"https:\/\/www.europesays.com\/ee\/wp-json\/wp\/v2\/posts\/214885","targetHints":{"allow":["GET"]}}],"collection":[{"href":"https:\/\/www.europesays.com\/ee\/wp-json\/wp\/v2\/posts"}],"about":[{"href":"https:\/\/www.europesays.com\/ee\/wp-json\/wp\/v2\/types\/post"}],"author":[{"embeddable":true,"href":"https:\/\/www.europesays.com\/ee\/wp-json\/wp\/v2\/users\/2"}],"replies":[{"embeddable":true,"href":"https:\/\/www.europesays.com\/ee\/wp-json\/wp\/v2\/comments?post=214885"}],"version-history":[{"count":0,"href":"https:\/\/www.europesays.com\/ee\/wp-json\/wp\/v2\/posts\/214885\/revisions"}],"wp:featuredmedia":[{"embeddable":true,"href":"https:\/\/www.europesays.com\/ee\/wp-json\/wp\/v2\/media\/214886"}],"wp:attachment":[{"href":"https:\/\/www.europesays.com\/ee\/wp-json\/wp\/v2\/media?parent=214885"}],"wp:term":[{"taxonomy":"category","embeddable":true,"href":"https:\/\/www.europesays.com\/ee\/wp-json\/wp\/v2\/categories?post=214885"},{"taxonomy":"post_tag","embeddable":true,"href":"https:\/\/www.europesays.com\/ee\/wp-json\/wp\/v2\/tags?post=214885"}],"curies":[{"name":"wp","href":"https:\/\/api.w.org\/{rel}","templated":true}]}}