{"id":214930,"date":"2026-06-27T21:19:12","date_gmt":"2026-06-27T21:19:12","guid":{"rendered":"https:\/\/www.europesays.com\/ee\/214930\/"},"modified":"2026-06-27T21:19:12","modified_gmt":"2026-06-27T21:19:12","slug":"mart-meesak-eesti-ei-koosne-konservatiividest-ja-liberaalidest-selline-mudel-lohub-eestit-2","status":"publish","type":"post","link":"https:\/\/www.europesays.com\/ee\/214930\/","title":{"rendered":"M\u00e4rt Meesak: Eesti ei koosne konservatiividest ja liberaalidest. Selline mudel l\u00f5hub Eestit"},"content":{"rendered":"<p>Igavesi v\u00f5imureid ei ole ja kui juhtub, et keegi j\u00e4\u00e4b pikalt paigale, peetakse seda autokraatia algeks. Seet\u00f5ttu on valimiste peamine r\u00f5hk ideede v\u00f5istlusel, kus poliitilised j\u00f5ud pakuvad erinevaid viise, kuidas Eestit ja omavalitsusi paremaks muuta.<\/p>\n<p>Sisuline v\u00e4itlus on asendunud sildistamisega <\/p>\n<p>T\u00e4naseks on ideede v\u00f5istlus taandumas ning poliitiline arutelu ei keskendu enam sisule. Kauge lombi tagune USA poliitiline polariseeritus on j\u00f5udnud ka Eesti poliitv\u00e4ljale. <\/p>\n<p>Oled juba tellija?Logi sisse<\/p>\n<p><a href=\"https:\/\/epl.delfi.ee\/artikkel\/120593197\/mart-meesak-eesti-ei-koosne-konservatiividest-ja-liberaalidest-selline-mudel-lohub-eestit\/\/kommentaarid\" class=\"article-body-bottom__comment article-body-bottom__comment--write button button--primary button--size-auto\" rel=\"nofollow noopener\" target=\"_blank\"> Kommenteeri <\/a><a href=\"https:\/\/epl.delfi.ee\/artikkel\/120593197\/mart-meesak-eesti-ei-koosne-konservatiividest-ja-liberaalidest-selline-mudel-lohub-eestit\/\/kommentaarid\" class=\"article-body-bottom__comment article-body-bottom__comment--read button button--size-auto\" rel=\"nofollow noopener\" target=\"_blank\"> Loe kommentaare (165)<\/a><\/p>\n","protected":false},"excerpt":{"rendered":"Igavesi v\u00f5imureid ei ole ja kui juhtub, et keegi j\u00e4\u00e4b pikalt paigale, peetakse seda autokraatia algeks. Seet\u00f5ttu on&hellip;\n","protected":false},"author":2,"featured_media":214931,"comment_status":"","ping_status":"","sticky":false,"template":"","format":"standard","meta":{"footnotes":"","_share_on_mastodon":"0"},"categories":[12],"tags":[26,27,37,33,35,34,36,31,32,21,10011,28,29,15735,19,15452,999,25,23,24,463,22,325,20,30],"class_list":["post-214930","post","type-post","status-publish","format-standard","has-post-thumbnail","category-eesti","tag-breaking-news","tag-breakingnews","tag-ee","tag-eesti","tag-eesti-keel","tag-estonia","tag-estonian","tag-featured-news","tag-featurednews","tag-headlines","tag-konservatiivid","tag-latest-news","tag-latestnews","tag-liberaalid","tag-news","tag-polariseerumine","tag-poliitika","tag-populaarseimad-lood","tag-top-stories","tag-topstories","tag-trump","tag-uldised-uudised","tag-usa","tag-uudised","tag-viimased-uudised"],"share_on_mastodon":{"url":"https:\/\/pubeurope.com\/@ee\/116824163228245338","error":""},"_links":{"self":[{"href":"https:\/\/www.europesays.com\/ee\/wp-json\/wp\/v2\/posts\/214930","targetHints":{"allow":["GET"]}}],"collection":[{"href":"https:\/\/www.europesays.com\/ee\/wp-json\/wp\/v2\/posts"}],"about":[{"href":"https:\/\/www.europesays.com\/ee\/wp-json\/wp\/v2\/types\/post"}],"author":[{"embeddable":true,"href":"https:\/\/www.europesays.com\/ee\/wp-json\/wp\/v2\/users\/2"}],"replies":[{"embeddable":true,"href":"https:\/\/www.europesays.com\/ee\/wp-json\/wp\/v2\/comments?post=214930"}],"version-history":[{"count":0,"href":"https:\/\/www.europesays.com\/ee\/wp-json\/wp\/v2\/posts\/214930\/revisions"}],"wp:featuredmedia":[{"embeddable":true,"href":"https:\/\/www.europesays.com\/ee\/wp-json\/wp\/v2\/media\/214931"}],"wp:attachment":[{"href":"https:\/\/www.europesays.com\/ee\/wp-json\/wp\/v2\/media?parent=214930"}],"wp:term":[{"taxonomy":"category","embeddable":true,"href":"https:\/\/www.europesays.com\/ee\/wp-json\/wp\/v2\/categories?post=214930"},{"taxonomy":"post_tag","embeddable":true,"href":"https:\/\/www.europesays.com\/ee\/wp-json\/wp\/v2\/tags?post=214930"}],"curies":[{"name":"wp","href":"https:\/\/api.w.org\/{rel}","templated":true}]}}