{"id":215002,"date":"2026-06-28T03:39:09","date_gmt":"2026-06-28T03:39:09","guid":{"rendered":"https:\/\/www.europesays.com\/ee\/215002\/"},"modified":"2026-06-28T03:39:09","modified_gmt":"2026-06-28T03:39:09","slug":"fotod-alina-ja-priit-kohtusid-tinderis-ning-abiellusid-viinavabriku-ouel-kaisime-paar-korda-valjas-ja-uhtakki-olimegi-24-7-ninapidi-koos","status":"publish","type":"post","link":"https:\/\/www.europesays.com\/ee\/215002\/","title":{"rendered":"FOTOD | Alina ja Priit kohtusid Tinderis ning abiellusid viinavabriku \u00f5uel: k\u00e4isime paar korda v\u00e4ljas ja \u00fcht\u00e4kki olimegi 24\/7 ninapidi koos"},"content":{"rendered":"<p class=\"p1\">Pulmapaigas on tunda nii ootust kui ka m\u00f6\u00f6dunud aegade hiilgust. Viinavabriku m\u00fc\u00fcrid on vormunud massiivsetest maakividest, silmadeks k\u00f5rged kaarjad aknad, aktsendiks tahtvalge torn ja tahveldatud udusinised uksed. Pole just keeruline tunda end kui aadlik lossi\u00f5uel.<\/p>\n<p class=\"p1\">Kandikutelt kaovad esimesed ampsud. \u0160ampanjaklaasides pr\u00f5ksub miniatuurne ilutulestik. <\/p>\n<p class=\"p1\">Roosiaeda on tekkinud v\u00e4ike j\u00e4rjekord, et teha kaduvas suves \u00fcks igavene pilt. Ja igaks juhuks teine veel, sest \u00e4kki j\u00e4id silmad kinni. <\/p>\n<p class=\"p1\">Naerupahvakud kallutavad p\u00e4id kuklasse, vilksatused taskupeeglisse, et korrigeerida huulepumatit. Meeleolu on \u00fclev. \u00d5hus on ootust.<\/p>\n<p class=\"p1\">Juba varsti ilmubki mitmek\u00fcmnepealise seltskonna ette kuldsete n\u00f6\u00f6pidega kaarenmustas kuues \u00dcllar Saarem\u00e4e. Ta on kehastunud Kadrina esimeseks jaama\u00fclemaks Friedrich Alexis Kreutzwaldiks, et juhatada kallid k\u00fclalised \u201erongidepoosse\u201c, kus algab s\u00fcndmus, mille t\u00f5ttu k\u00f5ik need kleidid triigitud ja s\u00e4rgid pressitud said. <\/p>\n<p class=\"p1\">K\u00f5igepealt Priit, erksininses. Siis juba Alina. Kleidis, mis peen kui \u00e4mblikuv\u00f5rk, k\u00e4sivartel voolamas majesteetlik brokaatkeep. <\/p>\n<p class=\"p1\">Tundlike s\u00f5nade saatel v\u00e4risevad alahuuled ja libisevad esimesed pisarad. \u00d5nnelikud on need, kes pistsid p\u00f5ue taskur\u00e4ti v\u00f5i valisid veekindla ripsmetu\u0161i. <\/p>\n<p class=\"p1\">Esimene kibe on oi kui magus! <\/p>\n<p class=\"p1\">H\u00f5issa, pulmad, h\u00f5issa, Alina ja Priit!<\/p>\n<p>Oled juba tellija?Logi sisse<\/p>\n","protected":false},"excerpt":{"rendered":"Pulmapaigas on tunda nii ootust kui ka m\u00f6\u00f6dunud aegade hiilgust. Viinavabriku m\u00fc\u00fcrid on vormunud massiivsetest maakividest, silmadeks k\u00f5rged&hellip;\n","protected":false},"author":2,"featured_media":215003,"comment_status":"","ping_status":"","sticky":false,"template":"","format":"standard","meta":{"footnotes":"","_share_on_mastodon":"0"},"categories":[12],"tags":[26,27,37,33,35,34,36,31,32,21,28,29,88054,88053,19,25,5303,927,29556,23,24,22,20,30],"class_list":["post-215002","post","type-post","status-publish","format-standard","has-post-thumbnail","category-eesti","tag-breaking-news","tag-breakingnews","tag-ee","tag-eesti","tag-eesti-keel","tag-estonia","tag-estonian","tag-featured-news","tag-featurednews","tag-headlines","tag-latest-news","tag-latestnews","tag-moe-peenviinavabrik","tag-mooste","tag-news","tag-populaarseimad-lood","tag-pulmad","tag-tapa","tag-tinder","tag-top-stories","tag-topstories","tag-uldised-uudised","tag-uudised","tag-viimased-uudised"],"share_on_mastodon":{"url":"https:\/\/pubeurope.com\/@ee\/116825657440449866","error":""},"_links":{"self":[{"href":"https:\/\/www.europesays.com\/ee\/wp-json\/wp\/v2\/posts\/215002","targetHints":{"allow":["GET"]}}],"collection":[{"href":"https:\/\/www.europesays.com\/ee\/wp-json\/wp\/v2\/posts"}],"about":[{"href":"https:\/\/www.europesays.com\/ee\/wp-json\/wp\/v2\/types\/post"}],"author":[{"embeddable":true,"href":"https:\/\/www.europesays.com\/ee\/wp-json\/wp\/v2\/users\/2"}],"replies":[{"embeddable":true,"href":"https:\/\/www.europesays.com\/ee\/wp-json\/wp\/v2\/comments?post=215002"}],"version-history":[{"count":0,"href":"https:\/\/www.europesays.com\/ee\/wp-json\/wp\/v2\/posts\/215002\/revisions"}],"wp:featuredmedia":[{"embeddable":true,"href":"https:\/\/www.europesays.com\/ee\/wp-json\/wp\/v2\/media\/215003"}],"wp:attachment":[{"href":"https:\/\/www.europesays.com\/ee\/wp-json\/wp\/v2\/media?parent=215002"}],"wp:term":[{"taxonomy":"category","embeddable":true,"href":"https:\/\/www.europesays.com\/ee\/wp-json\/wp\/v2\/categories?post=215002"},{"taxonomy":"post_tag","embeddable":true,"href":"https:\/\/www.europesays.com\/ee\/wp-json\/wp\/v2\/tags?post=215002"}],"curies":[{"name":"wp","href":"https:\/\/api.w.org\/{rel}","templated":true}]}}