{"id":215019,"date":"2026-06-28T04:11:51","date_gmt":"2026-06-28T04:11:51","guid":{"rendered":"https:\/\/www.europesays.com\/ee\/215019\/"},"modified":"2026-06-28T04:11:51","modified_gmt":"2026-06-28T04:11:51","slug":"video-%e2%9f%a9-surmaga-loppenud-avarii-jai-uhe-osalise-pardakaamerasse-louna-eesti-postimees","status":"publish","type":"post","link":"https:\/\/www.europesays.com\/ee\/215019\/","title":{"rendered":"VIDEO \u27e9 Surmaga l\u00f5ppenud avarii j\u00e4i \u00fche osalise pardakaamerasse &#8211; L\u00f5una-Eesti Postimees"},"content":{"rendered":"<ol>\n<li><a href=\"https:\/\/news.google.com\/rss\/articles\/CBMiqAFBVV95cUxPRGRqTTU3anRnVU5rSU5VYUxRWWxTYjNvbVRNNlF2VkRqVG55eXZSeWg5ekZlSXF0c0phVjJJTzVwSE1VSThEVWRkc0p2Q2I5dlM2OXRiUVRmZkppcVdBQkxjSnhCQm1BWkFlX3NpcFFSbnBYX1VSaVA4VVh6WHJjd29LZjZSLW96T0RSaW5VdUk1LUNkT3dqc2ctck50UUNfaEkyTkgtYUU?oc=5\" target=\"_blank\" rel=\"nofollow noopener\">VIDEO \u27e9 Surmaga l\u00f5ppenud avarii j\u00e4i \u00fche osalise pardakaamerasse<\/a>&nbsp;&nbsp;L\u00f5una-Eesti Postimees<\/li>\n<li><a href=\"https:\/\/news.google.com\/rss\/articles\/CBMihgFBVV95cUxOS1R2U3Q1OG0wTFZXNElZZjBkSWVlNTZzVjdfNEpLWkZwSThjMTg1NnZsN2Z6ZDcydzRrd3RONzZOSFFDWTE3bVZCVjRpaUpTSGxZNXJKdWo0aEZoSnhTZDl3V2VpMmh5bW5LeXV1SDlhSHNlMXVNdE40VGZVUDlsM0diTmFwQQ?oc=5\" target=\"_blank\" rel=\"nofollow noopener\">FOTOD | Valgamaal hukkus liiklus\u00f5nnetuses inimene<\/a>&nbsp;&nbsp;\u00d5htuleht<\/li>\n<li><a href=\"https:\/\/news.google.com\/rss\/articles\/CBMi0ANBVV95cUxNdl9nWDY1OExuSjhXQVNLQWhleTZIVW1LcVktM1JHQ2s5NWZ3NU05VkkyR3VIRUxBVEFDNHAtcW1pai1iTjRDMzJMeWh3TU5Ta1VDdlNnbTJvNG5xUHh2Tkc2XzFCYmVRTFEyNDRuNzY1XzRlYW5YR3VPd09kYkY1Mi1KQXZkcFpRZV84WERfeG81RldyYzZyaGg4MmNhT1kwOVlEcmVmemVZbG9EZnhJYVUzaDIwQzBFTkp1OTdPUnhBa1N4LWdPQW0xTWpiRllWT3dOOWdVZlVLU3lENWFIWC11SXExZG1iRk9lNkhTWWZvODlHZzdJWEx6bXozUGxCZk5vUDgyaTNVV0Y2OTZ4RVI3d1loaVU3N3NKNWctT1A0WU9USU1hQWtBUXdtS3VjQnR5ZHlqYUdnQlRwUGNYWEtvNEIwV2UxSFBaXzJpQWl4VDFvdmQ3S3BwNHZiYkh3M0NfMUczYXBpYWI4WTYyZW83WUdtRWxWemtOUWpYWWdjZTRvazN6X1FoMGd1dVp6OS04bnRFYjhFWHRoVmpCMGpxaGZSbFB3OFRDdjlqd1ZjOVNVR0d4VXFzeFBqNVp3aGZHTnlnM2hnS3ppWE83Mg?oc=5\" target=\"_blank\" rel=\"nofollow noopener\">Valgamaal hukkus kahe auto kokkup\u00f5rkes inimene, neli kannatanut viidi haiglasse<\/a>&nbsp;&nbsp;Delfi<\/li>\n<li><a href=\"https:\/\/news.google.com\/rss\/articles\/CBMieEFVX3lxTFBTcUx2TVBOVjJ1SVBTdzJzN1kyX0Jmb2pMTlpIVkNrMnBuMHFYM25qS0o4QVpzMHMzVDlWMFlBTUpUS2g4anBVTndyeGlHQUVTQWx1MTlkUV9VeEdRRFlUSUkzWW9YT0ZweWc5OUtPc1I3YXVGaVlFMw?oc=5\" target=\"_blank\" rel=\"nofollow noopener\">Valgamaal hukkus liiklus\u00f5nnetuses inimene<\/a>&nbsp;&nbsp;L\u00f5unaeestlane<\/li>\n<li><a href=\"https:\/\/news.google.com\/rss\/articles\/CBMiP0FVX3lxTE1OMDBGZFR3TmdpWWV5MVpFaXljMXptWFM5Wm15UjJwMTdUS0JzQlBPMGhLUzJJeUhyNzJsZS10VQ?oc=5\" target=\"_blank\" rel=\"nofollow noopener\">Kaubandusettev\u00f5tjate optimism p\u00fcsib k\u00f5rge, t\u00f6\u00f6stuses meeleolu halvenes<\/a>&nbsp;&nbsp;Uudis.net<\/li>\n<\/ol>\n","protected":false},"excerpt":{"rendered":"VIDEO \u27e9 Surmaga l\u00f5ppenud avarii j\u00e4i \u00fche osalise pardakaamerasse&nbsp;&nbsp;L\u00f5una-Eesti Postimees FOTOD | Valgamaal hukkus liiklus\u00f5nnetuses inimene&nbsp;&nbsp;\u00d5htuleht Valgamaal hukkus&hellip;\n","protected":false},"author":2,"featured_media":215020,"comment_status":"","ping_status":"","sticky":false,"template":"","format":"standard","meta":{"footnotes":"","_share_on_mastodon":"0"},"categories":[80],"tags":[7088,26,27,37,33,35,34,36,31,32,21,28,29,95,19,25,23,24,22,20,30,92,93,94],"class_list":["post-215019","post","type-post","status-publish","format-standard","has-post-thumbnail","category-maailm","tag-avarii","tag-breaking-news","tag-breakingnews","tag-ee","tag-eesti","tag-eesti-keel","tag-estonia","tag-estonian","tag-featured-news","tag-featurednews","tag-headlines","tag-latest-news","tag-latestnews","tag-maailm","tag-news","tag-populaarseimad-lood","tag-top-stories","tag-topstories","tag-uldised-uudised","tag-uudised","tag-viimased-uudised","tag-world","tag-world-news","tag-worldnews"],"share_on_mastodon":{"url":"https:\/\/pubeurope.com\/@ee\/116825787153202055","error":""},"_links":{"self":[{"href":"https:\/\/www.europesays.com\/ee\/wp-json\/wp\/v2\/posts\/215019","targetHints":{"allow":["GET"]}}],"collection":[{"href":"https:\/\/www.europesays.com\/ee\/wp-json\/wp\/v2\/posts"}],"about":[{"href":"https:\/\/www.europesays.com\/ee\/wp-json\/wp\/v2\/types\/post"}],"author":[{"embeddable":true,"href":"https:\/\/www.europesays.com\/ee\/wp-json\/wp\/v2\/users\/2"}],"replies":[{"embeddable":true,"href":"https:\/\/www.europesays.com\/ee\/wp-json\/wp\/v2\/comments?post=215019"}],"version-history":[{"count":0,"href":"https:\/\/www.europesays.com\/ee\/wp-json\/wp\/v2\/posts\/215019\/revisions"}],"wp:featuredmedia":[{"embeddable":true,"href":"https:\/\/www.europesays.com\/ee\/wp-json\/wp\/v2\/media\/215020"}],"wp:attachment":[{"href":"https:\/\/www.europesays.com\/ee\/wp-json\/wp\/v2\/media?parent=215019"}],"wp:term":[{"taxonomy":"category","embeddable":true,"href":"https:\/\/www.europesays.com\/ee\/wp-json\/wp\/v2\/categories?post=215019"},{"taxonomy":"post_tag","embeddable":true,"href":"https:\/\/www.europesays.com\/ee\/wp-json\/wp\/v2\/tags?post=215019"}],"curies":[{"name":"wp","href":"https:\/\/api.w.org\/{rel}","templated":true}]}}