{"id":215071,"date":"2026-06-28T06:04:09","date_gmt":"2026-06-28T06:04:09","guid":{"rendered":"https:\/\/www.europesays.com\/ee\/215071\/"},"modified":"2026-06-28T06:04:09","modified_gmt":"2026-06-28T06:04:09","slug":"aastaga-vahetasin-tookohta-neli-korda-kas-noored-toesti-ei-taha-tootada","status":"publish","type":"post","link":"https:\/\/www.europesays.com\/ee\/215071\/","title":{"rendered":"\u00abAastaga vahetasin t\u00f6\u00f6kohta neli korda\u00bb: kas noored t\u00f5esti ei taha t\u00f6\u00f6tada?"},"content":{"rendered":"<p>Uue uuringu j\u00e4rgi tunneb end sageli v\u00e4sinuna pea pool Eesti t\u00f6\u00f6tajatest \u2013 aga just noored on need, keda t\u00f6\u00f6 k\u00f5ige enam kurnab. Miks tajub Z\u2011p\u00f5lvkond t\u00f6\u00f6d teisiti kui nende vanemad kolleegid ning mis paneb neid t\u00f6\u00f6kohti varasemast kiiremini vahetama?<\/p>\n<p>Eksperdid, t\u00f6\u00f6andjad ja noored ise kirjeldavad, kuidas p\u00f5lvkond, keda sageli peetakse mugavaks ja n\u00f5udlikuks, r\u00e4\u00e4gib tegelikult hoopis t\u00e4hendusest, paindlikkusest ja soovist p\u00e4riselt midagi muuta.<\/p>\n","protected":false},"excerpt":{"rendered":"Uue uuringu j\u00e4rgi tunneb end sageli v\u00e4sinuna pea pool Eesti t\u00f6\u00f6tajatest \u2013 aga just noored on need, keda&hellip;\n","protected":false},"author":2,"featured_media":215072,"comment_status":"","ping_status":"","sticky":false,"template":"","format":"standard","meta":{"footnotes":"","_share_on_mastodon":"0"},"categories":[12],"tags":[26,27,88071,23068,37,33,35,34,36,31,32,21,23064,9472,28,29,88072,19,88067,64774,13586,25,35717,88070,52878,88069,2178,2161,88068,23,24,22,20,4213,30,6712],"class_list":["post-215071","post","type-post","status-publish","format-standard","has-post-thumbnail","category-eesti","tag-breaking-news","tag-breakingnews","tag-cathy-vivien-vahi","tag-cvkeskus-ee","tag-ee","tag-eesti","tag-eesti-keel","tag-estonia","tag-estonian","tag-featured-news","tag-featurednews","tag-headlines","tag-henry-auvaart","tag-labipolemine","tag-latest-news","tag-latestnews","tag-mailis-neppo","tag-news","tag-noored-tootajad","tag-paindlik-tookorraldus","tag-palgainfo-agentuur","tag-populaarseimad-lood","tag-teenindussektor","tag-too-tahendus","tag-tooandja-maine","tag-tootajate-motivatsioon","tag-tootukassa","tag-tooturg","tag-toovasimus","tag-top-stories","tag-topstories","tag-uldised-uudised","tag-uudised","tag-vaimne-tervis","tag-viimased-uudised","tag-z-generatsioon"],"share_on_mastodon":{"url":"","error":"Validation failed: Text character limit of 500 exceeded"},"_links":{"self":[{"href":"https:\/\/www.europesays.com\/ee\/wp-json\/wp\/v2\/posts\/215071","targetHints":{"allow":["GET"]}}],"collection":[{"href":"https:\/\/www.europesays.com\/ee\/wp-json\/wp\/v2\/posts"}],"about":[{"href":"https:\/\/www.europesays.com\/ee\/wp-json\/wp\/v2\/types\/post"}],"author":[{"embeddable":true,"href":"https:\/\/www.europesays.com\/ee\/wp-json\/wp\/v2\/users\/2"}],"replies":[{"embeddable":true,"href":"https:\/\/www.europesays.com\/ee\/wp-json\/wp\/v2\/comments?post=215071"}],"version-history":[{"count":0,"href":"https:\/\/www.europesays.com\/ee\/wp-json\/wp\/v2\/posts\/215071\/revisions"}],"wp:featuredmedia":[{"embeddable":true,"href":"https:\/\/www.europesays.com\/ee\/wp-json\/wp\/v2\/media\/215072"}],"wp:attachment":[{"href":"https:\/\/www.europesays.com\/ee\/wp-json\/wp\/v2\/media?parent=215071"}],"wp:term":[{"taxonomy":"category","embeddable":true,"href":"https:\/\/www.europesays.com\/ee\/wp-json\/wp\/v2\/categories?post=215071"},{"taxonomy":"post_tag","embeddable":true,"href":"https:\/\/www.europesays.com\/ee\/wp-json\/wp\/v2\/tags?post=215071"}],"curies":[{"name":"wp","href":"https:\/\/api.w.org\/{rel}","templated":true}]}}