{"id":215077,"date":"2026-06-28T06:14:12","date_gmt":"2026-06-28T06:14:12","guid":{"rendered":"https:\/\/www.europesays.com\/ee\/215077\/"},"modified":"2026-06-28T06:14:12","modified_gmt":"2026-06-28T06:14:12","slug":"trump-esitas-ice-juhiks-lance-schroyeri-valismaa","status":"publish","type":"post","link":"https:\/\/www.europesays.com\/ee\/215077\/","title":{"rendered":"Trump esitas ICE juhiks Lance Schroyeri | V\u00e4lismaa"},"content":{"rendered":"<p>USA president Donald Trump esitas laup\u00e4eval vastuolulise USA immigratsiooni- ja tolliameti (ICE) j\u00e4rgmiseks juhiks Oklahoma osariigi endise k\u00f5rge politseiametniku Lance Schroyeri.<\/p>\n<p>Trumpi s\u00f5nul on Lance Schroyer endine osariigi k\u00f5rge politseiametnik ja \u00dchendriikide merejalav\u00e4elane, kellel on aastak\u00fcmnete pikkune kogemus k\u00f5ige hullemate kurjategijate kinnipidamisel.<\/p>\n<p>Schroyer asuks Todd Lyonsi asemele, kes m\u00e4\u00e4rati ICE direktori kohuset\u00e4itjaks 2025. aasta m\u00e4rtsis. Lyons astus ametist tagasi mais, m\u00f5ni n\u00e4dal p\u00e4rast toonase sisejulgeolekuministri Kristi Noemi vallandamist.<\/p>\n<p>Lyons, Noem ja endine tolli- ja piirivalveameti juht Gregory Bovino olid Trumpi massilise v\u00e4ljasaatmiskampaania n\u00e4gudeks m\u00f5ne kuu eest selle k\u00f5ige n\u00e4htavamas ja vastuolulisemas faasis.<\/p>\n<p>Noemi ametij\u00e4rglane Markwayne Mullin kirjutas sotsiaalmeediaplatvormil X, et uus juhikandidaat on aidanud seda kampaaniat l\u00e4bi viia.<\/p>\n<p>&#8220;Lance tuleb otse operatiivt\u00f6\u00f6lt, kus ta juhtis ulatuslikke operatsioone ning tegi koost\u00f6\u00f6d osariigi ja f\u00f6deraalpartneritega, et eemaldada Oklahomast ebaseaduslikke sisser\u00e4ndajaid,&#8221; \u00fctles Mullin.<\/p>\n<p>F\u00f6deraalasutuste juhtideks nimetatud isikud peab kinnitama senat, kuid ICE puhul pole seda alates 2017. aastast juhtunud. Sellest ajast saadik on selle juhid t\u00f6\u00f6tanud direktori kohuset\u00e4itjatena.<\/p>\n<p>&#8220;On m\u00f6\u00f6dunud 11 aastat sellest, kui sisejulgeolekuministeeriumil (DHS) oli viimati senati kinnitatud ICE direktor. Senat peab Lance Schroyeri kiiresti kinnitama,&#8221; kirjutas Mullin.<\/p>\n<p>Paljud ameeriklased peavad Trumpi administratsiooni immigratsioonivastast kampaaniat \u00fclem\u00e4\u00e4raseks. Vastuolud teravnesid, kui f\u00f6deraalagendid tapsid Minneapolises haarangute vastu protestinud kaks USA kodanikku, Renee Goodi ja Alex Pretti.<\/p>\n<p>V\u00e4ljasaatmised j\u00e4tkuvad ning nendega mitten\u00f5ustuvad ameeriklased suunavad oma viha n\u00fc\u00fcd sageli \u00fcha suureneva hulga rajatiste vastu, kus kinnipeetavaid hoitakse.<\/p>\n","protected":false},"excerpt":{"rendered":"USA president Donald Trump esitas laup\u00e4eval vastuolulise USA immigratsiooni- ja tolliameti (ICE) j\u00e4rgmiseks juhiks Oklahoma osariigi endise k\u00f5rge&hellip;\n","protected":false},"author":2,"featured_media":215078,"comment_status":"","ping_status":"","sticky":false,"template":"","format":"standard","meta":{"footnotes":"","_share_on_mastodon":"0"},"categories":[80],"tags":[26,27,324,37,33,35,34,36,31,32,21,3461,88073,28,29,95,19,25,23,24,22,68176,20,30,92,93,94],"class_list":["post-215077","post","type-post","status-publish","format-standard","has-post-thumbnail","category-maailm","tag-breaking-news","tag-breakingnews","tag-donald-trump","tag-ee","tag-eesti","tag-eesti-keel","tag-estonia","tag-estonian","tag-featured-news","tag-featurednews","tag-headlines","tag-ice","tag-lance-schroyer","tag-latest-news","tag-latestnews","tag-maailm","tag-news","tag-populaarseimad-lood","tag-top-stories","tag-topstories","tag-uldised-uudised","tag-usa-immigratsiooni-ja-tolliamet","tag-uudised","tag-viimased-uudised","tag-world","tag-world-news","tag-worldnews"],"share_on_mastodon":{"url":"https:\/\/pubeurope.com\/@ee\/116826267078870095","error":""},"_links":{"self":[{"href":"https:\/\/www.europesays.com\/ee\/wp-json\/wp\/v2\/posts\/215077","targetHints":{"allow":["GET"]}}],"collection":[{"href":"https:\/\/www.europesays.com\/ee\/wp-json\/wp\/v2\/posts"}],"about":[{"href":"https:\/\/www.europesays.com\/ee\/wp-json\/wp\/v2\/types\/post"}],"author":[{"embeddable":true,"href":"https:\/\/www.europesays.com\/ee\/wp-json\/wp\/v2\/users\/2"}],"replies":[{"embeddable":true,"href":"https:\/\/www.europesays.com\/ee\/wp-json\/wp\/v2\/comments?post=215077"}],"version-history":[{"count":0,"href":"https:\/\/www.europesays.com\/ee\/wp-json\/wp\/v2\/posts\/215077\/revisions"}],"wp:featuredmedia":[{"embeddable":true,"href":"https:\/\/www.europesays.com\/ee\/wp-json\/wp\/v2\/media\/215078"}],"wp:attachment":[{"href":"https:\/\/www.europesays.com\/ee\/wp-json\/wp\/v2\/media?parent=215077"}],"wp:term":[{"taxonomy":"category","embeddable":true,"href":"https:\/\/www.europesays.com\/ee\/wp-json\/wp\/v2\/categories?post=215077"},{"taxonomy":"post_tag","embeddable":true,"href":"https:\/\/www.europesays.com\/ee\/wp-json\/wp\/v2\/tags?post=215077"}],"curies":[{"name":"wp","href":"https:\/\/api.w.org\/{rel}","templated":true}]}}