{"id":215183,"date":"2026-06-28T09:13:08","date_gmt":"2026-06-28T09:13:08","guid":{"rendered":"https:\/\/www.europesays.com\/ee\/215183\/"},"modified":"2026-06-28T09:13:08","modified_gmt":"2026-06-28T09:13:08","slug":"markus-molder-ja-kristjan-tamm-voitsid-kahenadalase-vahega-teise-itf-i-turniiri","status":"publish","type":"post","link":"https:\/\/www.europesays.com\/ee\/215183\/","title":{"rendered":"Markus M\u00f6lder ja Kristjan Tamm v\u00f5itsid kahen\u00e4dalase vahega teise ITF-i turniiri"},"content":{"rendered":"<p>Finaalis olid eestlaste vastaseks asetamata T\u0161ehhi paar Patrik Homola\/Jan Hrazdil, aga ITF-i M15 tasemel ei saa kunagi olla kindel, et asetus m\u00e4\u00e4rab, nii oli oodata p\u00f5nevat m\u00e4ngu, vahendab <a rel=\"noopener follow nofollow\" target=\"_blank\" href=\"https:\/\/tennisnet.ee\/markus-molder-ja-kristjan-tamm-voitsid-kahenadalase-vahega-teise-itf-i-turniiri\/\" data-rel-date-range=\"[]\">tennisnet.ee<\/a>. <\/p>\n<p>Esimeses setis ei olnud seisuni 5:5 \u00fchtki murret, aga siis \u00f5nnestus vastastel M\u00f6lder\/Tamme servigeim k\u00e4tte saada ja oma hoida. Teises setis juhtisid eestlased 3:1, aga t\u0161ehhid said murde tagasi. Taas otsustas \u00fcks seti l\u00f5pugeimidest, seekord p\u00e4ris viimane, kui M\u00f6lder\/Tamm murdsid seisul 6:5.<\/p>\n<p>Otsustavas tie-break\u2019is juhtisid eestlased 1:0, aga seej\u00e4rel olid kaua 1-2 punktiga ees vastased, kuni seisul 7:6 said uuesti edu M\u00f6lder\/Tamm. Ja seda nad enam k\u00e4est ei andnud. Nad juhtisid 8:7 ja 9:8 ning realiseerisid esimese mat\u0161palli.<\/p>\n<p>\u201eSeekord m\u00e4ngisime k\u00f5igest \u00fche tie-break\u2019i turniiri peale, kuid kui see k\u00f5rvale j\u00e4tta, siis ega palju erinevat pole. Energia on meil Kristjaniga hea ning suutsime p\u00e4ris enesekindlalt m\u00e4ngida sel n\u00e4dalal. Tunne on hea!\u201c r\u00e4\u00e4kis M\u00f6lder vahetult p\u00e4rast v\u00f5itu.<\/p>\n<p>Kuidas see lugu Sind end tundma pani? Saada <a href=\"https:\/\/sport.delfi.ee\/artikkel\/120593609\/markus-molder-ja-kristjan-tamm-voitsid-kahenadalase-vahega-teise-itf-i-turniiri\/kommentaarid\" class=\"article-body-bottom__comment article-body-bottom__comment--write button button--primary button--size-auto\" rel=\"nofollow noopener\" target=\"_blank\"> Kommenteeri <\/a><a href=\"https:\/\/sport.delfi.ee\/artikkel\/120593609\/markus-molder-ja-kristjan-tamm-voitsid-kahenadalase-vahega-teise-itf-i-turniiri\/kommentaarid\" class=\"article-body-bottom__comment article-body-bottom__comment--read button button--size-auto\" rel=\"nofollow noopener\" target=\"_blank\"> Loe kommentaare <\/a><\/p>\n","protected":false},"excerpt":{"rendered":"Finaalis olid eestlaste vastaseks asetamata T\u0161ehhi paar Patrik Homola\/Jan Hrazdil, aga ITF-i M15 tasemel ei saa kunagi olla&hellip;\n","protected":false},"author":2,"featured_media":215184,"comment_status":"","ping_status":"","sticky":false,"template":"","format":"standard","meta":{"footnotes":"","_share_on_mastodon":"0"},"categories":[18],"tags":[37,33,35,34,36,3423,6878,159,158],"class_list":["post-215183","post","type-post","status-publish","format-standard","has-post-thumbnail","category-sport","tag-ee","tag-eesti","tag-eesti-keel","tag-estonia","tag-estonian","tag-kristjan-tamm","tag-markus-molder","tag-sport","tag-sports"],"share_on_mastodon":{"url":"https:\/\/pubeurope.com\/@ee\/116826970878470962","error":""},"_links":{"self":[{"href":"https:\/\/www.europesays.com\/ee\/wp-json\/wp\/v2\/posts\/215183","targetHints":{"allow":["GET"]}}],"collection":[{"href":"https:\/\/www.europesays.com\/ee\/wp-json\/wp\/v2\/posts"}],"about":[{"href":"https:\/\/www.europesays.com\/ee\/wp-json\/wp\/v2\/types\/post"}],"author":[{"embeddable":true,"href":"https:\/\/www.europesays.com\/ee\/wp-json\/wp\/v2\/users\/2"}],"replies":[{"embeddable":true,"href":"https:\/\/www.europesays.com\/ee\/wp-json\/wp\/v2\/comments?post=215183"}],"version-history":[{"count":0,"href":"https:\/\/www.europesays.com\/ee\/wp-json\/wp\/v2\/posts\/215183\/revisions"}],"wp:featuredmedia":[{"embeddable":true,"href":"https:\/\/www.europesays.com\/ee\/wp-json\/wp\/v2\/media\/215184"}],"wp:attachment":[{"href":"https:\/\/www.europesays.com\/ee\/wp-json\/wp\/v2\/media?parent=215183"}],"wp:term":[{"taxonomy":"category","embeddable":true,"href":"https:\/\/www.europesays.com\/ee\/wp-json\/wp\/v2\/categories?post=215183"},{"taxonomy":"post_tag","embeddable":true,"href":"https:\/\/www.europesays.com\/ee\/wp-json\/wp\/v2\/tags?post=215183"}],"curies":[{"name":"wp","href":"https:\/\/api.w.org\/{rel}","templated":true}]}}