{"id":215388,"date":"2026-06-28T14:28:11","date_gmt":"2026-06-28T14:28:11","guid":{"rendered":"https:\/\/www.europesays.com\/ee\/215388\/"},"modified":"2026-06-28T14:28:11","modified_gmt":"2026-06-28T14:28:11","slug":"delfi-video-kreekast-robert-virves-tunne-on-ulev-vaga-hea-meel-et-lopuks-niipidi-laks","status":"publish","type":"post","link":"https:\/\/www.europesays.com\/ee\/215388\/","title":{"rendered":"DELFI VIDEO KREEKAST | Robert Virves: tunne on \u00fclev. V\u00e4ga hea meel, et l\u00f5puks niipidi l\u00e4ks"},"content":{"rendered":"<p>Virves pidas l\u00e4bi ralli p\u00f5nevat heitlust tiimikaaslase <a rel=\"noopener nofollow\" target=\"_blank\" href=\"https:\/\/www.delfi.ee\/teema\/75785531\/andreas-mikkelsen\" tag-id=\"75785531\">Andreas Mikkelseniga<\/a>. Kogenud norralane l\u00e4ks p\u00fchap\u00e4evale vastu 13,9-sekundilise eduga. T\u00e4nase esimese katsega v\u00e4hendas Virves vahe 10,6 sekundi peale.<\/p>\n<p>Otsustavaks sai j\u00e4rgmine, ralli 15. kiiruskatse. Mikkelsen vahetas katsel rehvi, mis langetas ta teiseks. 16. katsel tabasid rehvimured ka Virvest, aga \u00f5nneks katse l\u00f5pus. Punktikatsel vormistas eestlane hooaja teise ja karj\u00e4\u00e4ri kolmanda WRC2 etapiv\u00f5idu.<\/p>\n<p>\u201eTunne on \u00fclev. V\u00e4ga hea meel, et asi l\u00f5puks niipidi l\u00e4ks,\u201c r\u00e4\u00e4kis Virves ralli j\u00e4rel. \u201eNatukene sama nagu Keeniaga ehk et kui siia juba tuldud sai, siis tegelikult alla selle v\u00e4ga ei soovinud. Isegi sellise ralli kohta oli l\u00f5puni v\u00e4lja korralik v\u00f5idus\u00f5it. P\u00e4ris pikad pingelised p\u00e4evad olid, eelviimasel katsel s\u00f5itsime rehvi veljelt maha.\u201c<\/p>\n<p>Virves arvas esiti, et rehvidraama sai ta k\u00e4tte ka viimasel katsel. \u201eEsimestes kurvides tundus, et on sama jama, aga l\u00f5puks ei olnud.  Mingi v\u00e4ike kala tundub siiski olevat. Hea meel, et see l\u00e4bi sai,\u201c lisas ta.<\/p>\n<p>Virves on WRC2 tiitliheitlust alustanud suurep\u00e4raselt, sest on v\u00f5itnud oma m\u00f5lemad senised punktirallid. Jooksvas edetabelis on eestlane kuues, aga peakonkurentidel on v\u00e4hemalt neli punktirallit juba tehtud. Seejuures on vahed ka v\u00e4ikesed, vahe sarja liider Roope Korhoneniga on 14 punkti.<\/p>\n<p>Vaata Delfi videost pikemalt, mida r\u00e4\u00e4kis Virves <a rel=\"noopener nofollow\" target=\"_blank\" href=\"https:\/\/www.delfi.ee\/teema\/96856978\/kreeka-ralli\" tag-id=\"96856978\">Kreeka ralli<\/a> ja t\u00e4navuse hooaja kohta!<\/p>\n<p>Kuidas see lugu Sind end tundma pani? Saada <a href=\"https:\/\/sport.delfi.ee\/artikkel\/120593672\/delfi-video-kreekast-robert-virves-tunne-on-ulev-vaga-hea-meel-et-lopuks-niipidi-laks\/kommentaarid\" class=\"article-body-bottom__comment article-body-bottom__comment--write button button--primary button--size-auto\" rel=\"nofollow noopener\" target=\"_blank\"> Kommenteeri <\/a><a href=\"https:\/\/sport.delfi.ee\/artikkel\/120593672\/delfi-video-kreekast-robert-virves-tunne-on-ulev-vaga-hea-meel-et-lopuks-niipidi-laks\/kommentaarid\" class=\"article-body-bottom__comment article-body-bottom__comment--read button button--size-auto\" rel=\"nofollow noopener\" target=\"_blank\"> Loe kommentaare <\/a><\/p>\n","protected":false},"excerpt":{"rendered":"Virves pidas l\u00e4bi ralli p\u00f5nevat heitlust tiimikaaslase Andreas Mikkelseniga. Kogenud norralane l\u00e4ks p\u00fchap\u00e4evale vastu 13,9-sekundilise eduga. T\u00e4nase esimese&hellip;\n","protected":false},"author":2,"featured_media":215389,"comment_status":"","ping_status":"","sticky":false,"template":"","format":"standard","meta":{"footnotes":"","_share_on_mastodon":"0"},"categories":[18],"tags":[21855,37,33,35,34,36,3017,86577,3016,159,158,5353],"class_list":["post-215388","post","type-post","status-publish","format-standard","has-post-thumbnail","category-sport","tag-andreas-mikkelsen","tag-ee","tag-eesti","tag-eesti-keel","tag-estonia","tag-estonian","tag-jakko-viilo","tag-kreeka-ralli","tag-robert-virves","tag-sport","tag-sports","tag-wrc2"],"share_on_mastodon":{"url":"https:\/\/pubeurope.com\/@ee\/116828209259513375","error":""},"_links":{"self":[{"href":"https:\/\/www.europesays.com\/ee\/wp-json\/wp\/v2\/posts\/215388","targetHints":{"allow":["GET"]}}],"collection":[{"href":"https:\/\/www.europesays.com\/ee\/wp-json\/wp\/v2\/posts"}],"about":[{"href":"https:\/\/www.europesays.com\/ee\/wp-json\/wp\/v2\/types\/post"}],"author":[{"embeddable":true,"href":"https:\/\/www.europesays.com\/ee\/wp-json\/wp\/v2\/users\/2"}],"replies":[{"embeddable":true,"href":"https:\/\/www.europesays.com\/ee\/wp-json\/wp\/v2\/comments?post=215388"}],"version-history":[{"count":0,"href":"https:\/\/www.europesays.com\/ee\/wp-json\/wp\/v2\/posts\/215388\/revisions"}],"wp:featuredmedia":[{"embeddable":true,"href":"https:\/\/www.europesays.com\/ee\/wp-json\/wp\/v2\/media\/215389"}],"wp:attachment":[{"href":"https:\/\/www.europesays.com\/ee\/wp-json\/wp\/v2\/media?parent=215388"}],"wp:term":[{"taxonomy":"category","embeddable":true,"href":"https:\/\/www.europesays.com\/ee\/wp-json\/wp\/v2\/categories?post=215388"},{"taxonomy":"post_tag","embeddable":true,"href":"https:\/\/www.europesays.com\/ee\/wp-json\/wp\/v2\/tags?post=215388"}],"curies":[{"name":"wp","href":"https:\/\/api.w.org\/{rel}","templated":true}]}}