{"id":215390,"date":"2026-06-28T14:31:11","date_gmt":"2026-06-28T14:31:11","guid":{"rendered":"https:\/\/www.europesays.com\/ee\/215390\/"},"modified":"2026-06-28T14:31:11","modified_gmt":"2026-06-28T14:31:11","slug":"ajateenistuses-sundinud-idufirma-kliendid-on-eesti-riik-ja-lennujaamad-asutaja-80-droonijuhte-rikub-seadust","status":"publish","type":"post","link":"https:\/\/www.europesays.com\/ee\/215390\/","title":{"rendered":"Ajateenistuses s\u00fcndinud idufirma kliendid on Eesti riik ja lennujaamad. Asutaja: 80% droonijuhte rikub seadust"},"content":{"rendered":"<p><img decoding=\"async\" src=\"https:\/\/www.europesays.com\/ee\/wp-content\/uploads\/2026\/06\/15a0c69b-c978-40a7-a54e-87179df26dba.jpg\" loading=\"lazy\" alt=\"Sten Nurmsalu oma tiimi arendatud seires\u00fcsteemi k\u00f5rval\"\/><\/p>\n<p>Sten Nurmsalu oma tiimi arendatud seires\u00fcsteemi k\u00f5rval<\/p>\n<p>FOTO: Andres Putting| Delfi Meedia<\/p>\n<p>Kas teadsid, et ligi 80% Eesti kohal lennutatavate tsiviildroonide juhte rikub mingil viisil seadust? Me teame seda, sest meie pea kohal laiub n\u00e4htamatu seirev\u00f5rk, mis v\u00f5imaldab tuvastada mitte ainult iga \u00f5hus oleva seadme, vaid ka selle piloodi t\u00e4pse asukoha maapinnal. Selle s\u00fcsteemi taga ei ole aga m\u00f5ni v\u00e4lismaine tehnikahiid, vaid 23-aastane Sten Nurmsalu.<\/p>\n","protected":false},"excerpt":{"rendered":"Sten Nurmsalu oma tiimi arendatud seires\u00fcsteemi k\u00f5rval FOTO: Andres Putting| Delfi Meedia Kas teadsid, et ligi 80% Eesti&hellip;\n","protected":false},"author":2,"featured_media":215391,"comment_status":"","ping_status":"","sticky":false,"template":"","format":"standard","meta":{"footnotes":"","_share_on_mastodon":"0"},"categories":[12],"tags":[26,27,404,37,33,35,34,36,31,32,21,28,29,767,19,25,4262,12271,23,24,22,20,30],"class_list":["post-215390","post","type-post","status-publish","format-standard","has-post-thumbnail","category-eesti","tag-breaking-news","tag-breakingnews","tag-droon","tag-ee","tag-eesti","tag-eesti-keel","tag-estonia","tag-estonian","tag-featured-news","tag-featurednews","tag-headlines","tag-latest-news","tag-latestnews","tag-lennujaam","tag-news","tag-populaarseimad-lood","tag-ppa","tag-sojatoostus","tag-top-stories","tag-topstories","tag-uldised-uudised","tag-uudised","tag-viimased-uudised"],"share_on_mastodon":{"url":"https:\/\/pubeurope.com\/@ee\/116828221570635087","error":""},"_links":{"self":[{"href":"https:\/\/www.europesays.com\/ee\/wp-json\/wp\/v2\/posts\/215390","targetHints":{"allow":["GET"]}}],"collection":[{"href":"https:\/\/www.europesays.com\/ee\/wp-json\/wp\/v2\/posts"}],"about":[{"href":"https:\/\/www.europesays.com\/ee\/wp-json\/wp\/v2\/types\/post"}],"author":[{"embeddable":true,"href":"https:\/\/www.europesays.com\/ee\/wp-json\/wp\/v2\/users\/2"}],"replies":[{"embeddable":true,"href":"https:\/\/www.europesays.com\/ee\/wp-json\/wp\/v2\/comments?post=215390"}],"version-history":[{"count":0,"href":"https:\/\/www.europesays.com\/ee\/wp-json\/wp\/v2\/posts\/215390\/revisions"}],"wp:featuredmedia":[{"embeddable":true,"href":"https:\/\/www.europesays.com\/ee\/wp-json\/wp\/v2\/media\/215391"}],"wp:attachment":[{"href":"https:\/\/www.europesays.com\/ee\/wp-json\/wp\/v2\/media?parent=215390"}],"wp:term":[{"taxonomy":"category","embeddable":true,"href":"https:\/\/www.europesays.com\/ee\/wp-json\/wp\/v2\/categories?post=215390"},{"taxonomy":"post_tag","embeddable":true,"href":"https:\/\/www.europesays.com\/ee\/wp-json\/wp\/v2\/tags?post=215390"}],"curies":[{"name":"wp","href":"https:\/\/api.w.org\/{rel}","templated":true}]}}