{"id":215414,"date":"2026-06-28T15:15:11","date_gmt":"2026-06-28T15:15:11","guid":{"rendered":"https:\/\/www.europesays.com\/ee\/215414\/"},"modified":"2026-06-28T15:15:11","modified_gmt":"2026-06-28T15:15:11","slug":"mustika-keskuse-juures-lasid-purjus-mehed-stardipustolist-taevasse-politsei-pidas-nad-kinni","status":"publish","type":"post","link":"https:\/\/www.europesays.com\/ee\/215414\/","title":{"rendered":"Mustika keskuse juures lasid purjus mehed stardip\u00fcstolist taevasse, politsei pidas nad kinni"},"content":{"rendered":"<p>L\u00e4\u00e4ne-Harju politseijaoskonna v\u00e4lijuht Magnus Muidik lausus, et kell 16.37 sai politsei teate laskudest <a rel=\"noopener nofollow\" target=\"_blank\" href=\"https:\/\/www.delfi.ee\/teema\/31458725\/mustamae\" tag-id=\"31458725\">Mustam\u00e4el<\/a> Mustika keskuse juures. \u201ePolitseipatrullid reageerisid s\u00fcndmuskohale minutitega ning kell 16.44 peeti kirjeldusele vastav 45-aastane mees ning temaga kaasas olnud 51-aastane mees kinni,\u201c r\u00e4\u00e4kis ta.<\/p>\n<p>Esialgsetel andmetel lasid joobetunnustega mehed stardip\u00fcstolist taevasse. \u201eKeegi vigastada ei saanud,\u201c kinnitas Muidik.<\/p>\n<p>Juhtumi t\u00e4psemad asjaolud on selgitamisel.<\/p>\n<p>Politsei palub olukorras, kus tekib v\u00e4himgi kahtlus, et kellelgi v\u00f5ib k\u00e4es olla relv v\u00f5i relvataoline ese, sellest koheselt teada anda helistades 112.<\/p>\n<p><a href=\"https:\/\/www.delfi.ee\/artikkel\/120593679\/mustika-keskuse-juures-lasid-purjus-mehed-stardipustolist-taevasse\/kommentaarid\" class=\"article-body-bottom__comment article-body-bottom__comment--write button button--primary button--size-auto\" rel=\"nofollow noopener\" target=\"_blank\"> Kommenteeri <\/a><a href=\"https:\/\/www.delfi.ee\/artikkel\/120593679\/mustika-keskuse-juures-lasid-purjus-mehed-stardipustolist-taevasse\/kommentaarid\" class=\"article-body-bottom__comment article-body-bottom__comment--read button button--size-auto\" rel=\"nofollow noopener\" target=\"_blank\"> Loe kommentaare (10)<\/a><\/p>\n","protected":false},"excerpt":{"rendered":"L\u00e4\u00e4ne-Harju politseijaoskonna v\u00e4lijuht Magnus Muidik lausus, et kell 16.37 sai politsei teate laskudest Mustam\u00e4el Mustika keskuse juures. \u201ePolitseipatrullid&hellip;\n","protected":false},"author":2,"featured_media":215415,"comment_status":"","ping_status":"","sticky":false,"template":"","format":"standard","meta":{"footnotes":"","_share_on_mastodon":"0"},"categories":[12],"tags":[26,27,37,33,35,34,36,31,32,21,54290,28,29,2807,88218,19,353,25,23,24,22,20,30],"class_list":["post-215414","post","type-post","status-publish","format-standard","has-post-thumbnail","category-eesti","tag-breaking-news","tag-breakingnews","tag-ee","tag-eesti","tag-eesti-keel","tag-estonia","tag-estonian","tag-featured-news","tag-featurednews","tag-headlines","tag-joove","tag-latest-news","tag-latestnews","tag-mustamae","tag-mustika-keskus","tag-news","tag-politsei","tag-populaarseimad-lood","tag-top-stories","tag-topstories","tag-uldised-uudised","tag-uudised","tag-viimased-uudised"],"share_on_mastodon":{"url":"https:\/\/pubeurope.com\/@ee\/116828394182259617","error":""},"_links":{"self":[{"href":"https:\/\/www.europesays.com\/ee\/wp-json\/wp\/v2\/posts\/215414","targetHints":{"allow":["GET"]}}],"collection":[{"href":"https:\/\/www.europesays.com\/ee\/wp-json\/wp\/v2\/posts"}],"about":[{"href":"https:\/\/www.europesays.com\/ee\/wp-json\/wp\/v2\/types\/post"}],"author":[{"embeddable":true,"href":"https:\/\/www.europesays.com\/ee\/wp-json\/wp\/v2\/users\/2"}],"replies":[{"embeddable":true,"href":"https:\/\/www.europesays.com\/ee\/wp-json\/wp\/v2\/comments?post=215414"}],"version-history":[{"count":0,"href":"https:\/\/www.europesays.com\/ee\/wp-json\/wp\/v2\/posts\/215414\/revisions"}],"wp:featuredmedia":[{"embeddable":true,"href":"https:\/\/www.europesays.com\/ee\/wp-json\/wp\/v2\/media\/215415"}],"wp:attachment":[{"href":"https:\/\/www.europesays.com\/ee\/wp-json\/wp\/v2\/media?parent=215414"}],"wp:term":[{"taxonomy":"category","embeddable":true,"href":"https:\/\/www.europesays.com\/ee\/wp-json\/wp\/v2\/categories?post=215414"},{"taxonomy":"post_tag","embeddable":true,"href":"https:\/\/www.europesays.com\/ee\/wp-json\/wp\/v2\/tags?post=215414"}],"curies":[{"name":"wp","href":"https:\/\/api.w.org\/{rel}","templated":true}]}}