{"id":215434,"date":"2026-06-28T15:47:08","date_gmt":"2026-06-28T15:47:08","guid":{"rendered":"https:\/\/www.europesays.com\/ee\/215434\/"},"modified":"2026-06-28T15:47:08","modified_gmt":"2026-06-28T15:47:08","slug":"russell-voitis-austria-gp-ja-tousis-hamiltonist-mooda-vormelisport","status":"publish","type":"post","link":"https:\/\/www.europesays.com\/ee\/215434\/","title":{"rendered":"Russell v\u00f5itis Austria GP ja t\u00f5usis Hamiltonist m\u00f6\u00f6da | Vormelisport"},"content":{"rendered":"<p>Vormel-1 sarja Austria GP v\u00f5itis Mercedese s\u00f5itja George Russell, kes edestas napilt Max Verstappenit (Red Bull) ja meeskonnakaaslast Kimi Antonellit.<\/p>\n<p>Kvalifikatsioonis avarii teinud Verstappen pani p\u00f5his\u00f5itu esikohalt alustanud Russelli tugeva surve alla, aga britt hoidis oma positsiooni algusest l\u00f5puni ning edestas l\u00f5puks hollandlast 1,6 sekundiga. Antonelli kaotas kolmandana 1,9 sekundit.<\/p>\n<p>Ferraril ei \u00f5nnestunud Red Bull Ringil konkurentidega v\u00f5idu nimel s\u00f5ita; Lewis Hamilton kaotas l\u00f5puks 26,3 sekundit ja oli viies ning Charles Leclerc (+45,6) kaheksas.<\/p>\n<p>Russell sai hooaja kaheksandal etapil oma hooaja teise v\u00f5idu, esimene tuli avan\u00e4dalavahetusel Melbourne&#8217;is. Vahepealsel ajal v\u00f5itis tema tiimikaaslane Antonelli viis etappi j\u00e4rjest, eelmisel etapil Barcelonas teenis esikoha Hamilton.<\/p>\n<p>MM-sarja \u00fcldarvestuses kerkis 131 punkti kogunud Russell n\u00fc\u00fcd kuue punktiga Hamiltonist m\u00f6\u00f6da ja kahandas Antonelli edu 40 punktile. J\u00e4rgmisel n\u00e4dalavahetusel s\u00f5idetakse brittide kodus Silverstone&#8217;is.<\/p>\n","protected":false},"excerpt":{"rendered":"Vormel-1 sarja Austria GP v\u00f5itis Mercedese s\u00f5itja George Russell, kes edestas napilt Max Verstappenit (Red Bull) ja meeskonnakaaslast&hellip;\n","protected":false},"author":2,"featured_media":215435,"comment_status":"","ping_status":"","sticky":false,"template":"","format":"standard","meta":{"footnotes":"","_share_on_mastodon":"0"},"categories":[18],"tags":[87012,37,33,35,34,36,1956,159,158,29372],"class_list":["post-215434","post","type-post","status-publish","format-standard","has-post-thumbnail","category-sport","tag-austria-gp","tag-ee","tag-eesti","tag-eesti-keel","tag-estonia","tag-estonian","tag-george-russell","tag-sport","tag-sports","tag-vormel-1-2026"],"share_on_mastodon":{"url":"https:\/\/pubeurope.com\/@ee\/116828519957293795","error":""},"_links":{"self":[{"href":"https:\/\/www.europesays.com\/ee\/wp-json\/wp\/v2\/posts\/215434","targetHints":{"allow":["GET"]}}],"collection":[{"href":"https:\/\/www.europesays.com\/ee\/wp-json\/wp\/v2\/posts"}],"about":[{"href":"https:\/\/www.europesays.com\/ee\/wp-json\/wp\/v2\/types\/post"}],"author":[{"embeddable":true,"href":"https:\/\/www.europesays.com\/ee\/wp-json\/wp\/v2\/users\/2"}],"replies":[{"embeddable":true,"href":"https:\/\/www.europesays.com\/ee\/wp-json\/wp\/v2\/comments?post=215434"}],"version-history":[{"count":0,"href":"https:\/\/www.europesays.com\/ee\/wp-json\/wp\/v2\/posts\/215434\/revisions"}],"wp:featuredmedia":[{"embeddable":true,"href":"https:\/\/www.europesays.com\/ee\/wp-json\/wp\/v2\/media\/215435"}],"wp:attachment":[{"href":"https:\/\/www.europesays.com\/ee\/wp-json\/wp\/v2\/media?parent=215434"}],"wp:term":[{"taxonomy":"category","embeddable":true,"href":"https:\/\/www.europesays.com\/ee\/wp-json\/wp\/v2\/categories?post=215434"},{"taxonomy":"post_tag","embeddable":true,"href":"https:\/\/www.europesays.com\/ee\/wp-json\/wp\/v2\/tags?post=215434"}],"curies":[{"name":"wp","href":"https:\/\/api.w.org\/{rel}","templated":true}]}}