{"id":215471,"date":"2026-06-28T16:33:11","date_gmt":"2026-06-28T16:33:11","guid":{"rendered":"https:\/\/www.europesays.com\/ee\/215471\/"},"modified":"2026-06-28T16:33:11","modified_gmt":"2026-06-28T16:33:11","slug":"elu25-%e2%9f%a9-juku-kalle-raid-vene-soja-taustal-on-pohjus-meenutada-valgesoome-mao-purukstallamist","status":"publish","type":"post","link":"https:\/\/www.europesays.com\/ee\/215471\/","title":{"rendered":"ELU25 \u27e9 Juku-Kalle Raid: Vene s\u00f5ja taustal on p\u00f5hjus meenutada \u00abvalgesoome mao purukstallamist\u00bb"},"content":{"rendered":"<p>See on metsik kapitalistide, m\u00f5isnike, valgekaartlaste ja nende agentide \u2013 kaitseliitlaste, lapualaste ja teiste soome rahva veristajate j\u00f5uk. Juba muistsel ajal muutsid vene rahva vaenlased Soome s\u00f5dade platsdarmiks Venemaa vastu, r\u00e4paseks urkaks, kust r\u00f6\u00f6vlite j\u00f5ugud sooritasid elajalikke r\u00f6\u00f6vk\u00e4ike meie maale.\u00bb<\/p>\n<p><img decoding=\"async\" class=\"figure__image\" onclick=\"triggerEvent('articleImageClick', { id: 17747104, focus: 'single-image', focusIndex: '17747104' })\" onkeydown=\"if (event.key === 'Enter') {&#10;        triggerEvent('articleImageClick', { id: 17747104, focus: 'single-image', focusIndex: '17747104' })&#10;        }\" role=\"button\" tabindex=\"0\" data-focus-from=\"single-image\" data-focus-index=\"17747104\" src=\"https:\/\/www.europesays.com\/ee\/wp-content\/uploads\/2026\/06\/17747104t1h6ea8.heic.webp\"  onload=\"this.parentElement.classList.remove('figure__image-loading')\" alt=\"Tekst plakatil: \u00abFa\u0161ism \u2013 verine koletis. Peksa teda halastamatult.\u00bb 1942\"\/>Tekst plakatil: \u00abFa\u0161ism \u2013 verine koletis. Peksa teda halastamatult.\u00bb 1942 Foto: arhiiv<\/p>\n<p>\u00abRahumeelne vene rahvas\u00bb<\/p>\n<p>Edasi j\u00e4rgneb kirjeldus rahumeelsest vene rahvast, kellel ei ole suuremat soovi kui ulatada abistav vennak\u00e4si oma l\u00e4himatele naaberrahvastele \u2013 ja isegi kaugematele. Ning kirjeldused sellest, kuidas naabrid (nende orjastajad v\u00e4lja arvata) n\u00e4evad vene rahvas oma vendi.<\/p>\n<blockquote class=\"quote ck-widget\" contenteditable=\"false\">\n<p>Edasi j\u00e4rgneb kirjeldus rahumeelsest vene rahvast, kellel ei ole suuremat soovi kui ulatada abistav k\u00e4si naaberrahvastele.<\/p>\n<\/blockquote>\n<p>Edasi kirjeldatakse juba, kuidas tulvil suurest armastusest soome rahva vastu esines suur Stalin paljastada juba 1917. aastal ajutise valitsuse imperialistlikku poliitika.<\/p>\n<p>\u00abKes andis Soomele t\u00e4ieliku iseseisvuse ja enesem\u00e4\u00e4ramise \u00f5iguse? Bol\u0161evikud.\u00bb<\/p>\n<p>Misj\u00e4rel kirjeldatakse \u00fcksikasjalikult, kui halb on olnud elada tavalisel Soome inimesel oma vabariigis, mida juhib \u00abverine timukas\u00bb Mannerheim ning kuidas N\u00f5ukogude Liit soomlastele Talves\u00f5jas appi t\u00f5ttas.<\/p>\n<p>\u00abSoome elajas\u00bb<\/p>\n<p>Soomlaste rahvuskangelast Mannerheimi aga kirjeldatakse: \u00abElajas inimese kujul \u2013 s\u00e4\u00e4rane oli hirmus timukas Mannerheim, kelle nime igaveseks neavad k\u00fcmned tuhanded tema poolt piinatud inimesed, tuhanded \u00f5nnetud vaeslapsed.\u00bb<\/p>\n<p>Bro\u0161\u00fc\u00fcr l\u00f5peb pikkade kirjeldustega, kuidas Soome timukad r\u00fcndavad pidevalt koos saksa koertega vaba N\u00f5ukogude Liitu.<\/p>\n<p>\u00dches\u00f5naga, v\u00f5etud on ajaloolised s\u00fcndmused ja nad pea peale keeratud, pikitud k\u00fcmnete v\u00e4ljam\u00f5eldistega ning kokku ehitatud v\u00f5imas rosolje.<\/p>\n","protected":false},"excerpt":{"rendered":"See on metsik kapitalistide, m\u00f5isnike, valgekaartlaste ja nende agentide \u2013 kaitseliitlaste, lapualaste ja teiste soome rahva veristajate j\u00f5uk.&hellip;\n","protected":false},"author":2,"featured_media":215472,"comment_status":"","ping_status":"","sticky":false,"template":"","format":"standard","meta":{"footnotes":"","_share_on_mastodon":"0"},"categories":[80],"tags":[26,27,88221,37,33,35,34,36,31,32,21,27731,1559,28,29,95,19,431,25,616,113,36908,23,24,22,20,88222,1929,96,30,92,93,94],"class_list":["post-215471","post","type-post","status-publish","format-standard","has-post-thumbnail","category-maailm","tag-breaking-news","tag-breakingnews","tag-carl-gustaf-emil-mannerheim","tag-ee","tag-eesti","tag-eesti-keel","tag-estonia","tag-estonian","tag-featured-news","tag-featurednews","tag-headlines","tag-henn-polluaas","tag-juku-kalle-raid","tag-latest-news","tag-latestnews","tag-maailm","tag-news","tag-noukogude-liit","tag-populaarseimad-lood","tag-propaganda","tag-soome","tag-talvesoda","tag-top-stories","tag-topstories","tag-uldised-uudised","tag-uudised","tag-valgesoome-propaganda","tag-vene-ukraina-soda","tag-venemaa","tag-viimased-uudised","tag-world","tag-world-news","tag-worldnews"],"share_on_mastodon":{"url":"","error":"Validation failed: Text character limit of 500 exceeded"},"_links":{"self":[{"href":"https:\/\/www.europesays.com\/ee\/wp-json\/wp\/v2\/posts\/215471","targetHints":{"allow":["GET"]}}],"collection":[{"href":"https:\/\/www.europesays.com\/ee\/wp-json\/wp\/v2\/posts"}],"about":[{"href":"https:\/\/www.europesays.com\/ee\/wp-json\/wp\/v2\/types\/post"}],"author":[{"embeddable":true,"href":"https:\/\/www.europesays.com\/ee\/wp-json\/wp\/v2\/users\/2"}],"replies":[{"embeddable":true,"href":"https:\/\/www.europesays.com\/ee\/wp-json\/wp\/v2\/comments?post=215471"}],"version-history":[{"count":0,"href":"https:\/\/www.europesays.com\/ee\/wp-json\/wp\/v2\/posts\/215471\/revisions"}],"wp:featuredmedia":[{"embeddable":true,"href":"https:\/\/www.europesays.com\/ee\/wp-json\/wp\/v2\/media\/215472"}],"wp:attachment":[{"href":"https:\/\/www.europesays.com\/ee\/wp-json\/wp\/v2\/media?parent=215471"}],"wp:term":[{"taxonomy":"category","embeddable":true,"href":"https:\/\/www.europesays.com\/ee\/wp-json\/wp\/v2\/categories?post=215471"},{"taxonomy":"post_tag","embeddable":true,"href":"https:\/\/www.europesays.com\/ee\/wp-json\/wp\/v2\/tags?post=215471"}],"curies":[{"name":"wp","href":"https:\/\/api.w.org\/{rel}","templated":true}]}}