{"id":215492,"date":"2026-06-28T16:57:12","date_gmt":"2026-06-28T16:57:12","guid":{"rendered":"https:\/\/www.europesays.com\/ee\/215492\/"},"modified":"2026-06-28T16:57:12","modified_gmt":"2026-06-28T16:57:12","slug":"pea-iga-kumnes-mullu-valjastatud-haigusleht-osutus-kontrollimisel-pohjendamatuks","status":"publish","type":"post","link":"https:\/\/www.europesays.com\/ee\/215492\/","title":{"rendered":"Pea iga k\u00fcmnes mullu v\u00e4ljastatud haigusleht osutus kontrollimisel p\u00f5hjendamatuks"},"content":{"rendered":"<p>Eelmisel aastal osutus tervisekassa kontrollis osaliselt v\u00f5i t\u00e4ielikult p\u00f5hjendamatuks ligi iga k\u00fcmnes t\u00f6\u00f6v\u00f5imetusleht, mille kontrollimist t\u00f6\u00f6andja oli taotlenud, vahendab t\u00f6\u00f6andjate keskliit.<\/p>\n<p>Tervisekassa andmetel p\u00f6\u00f6rdusid t\u00f6\u00f6andjad mullu t\u00f6\u00f6v\u00f5imetuslehtede kontrollimiseks ligi sajal korral. Kokku kontrolliti 319 t\u00f6\u00f6v\u00f5imetuslehte, millest 34 tunnistati osaliselt v\u00f5i t\u00e4ielikult p\u00f5hjendamatult v\u00e4ljastatuks.<\/p>\n","protected":false},"excerpt":{"rendered":"Eelmisel aastal osutus tervisekassa kontrollis osaliselt v\u00f5i t\u00e4ielikult p\u00f5hjendamatuks ligi iga k\u00fcmnes t\u00f6\u00f6v\u00f5imetusleht, mille kontrollimist t\u00f6\u00f6andja oli taotlenud,&hellip;\n","protected":false},"author":2,"featured_media":215493,"comment_status":"","ping_status":"","sticky":false,"template":"","format":"standard","meta":{"footnotes":"","_share_on_mastodon":"0"},"categories":[5],"tags":[26,27,37,33,35,34,36,31,32,20112,21,28,29,19,25,512,7897,23,24,22,20,30],"class_list":["post-215492","post","type-post","status-publish","format-standard","has-post-thumbnail","category-uldised-uudised","tag-breaking-news","tag-breakingnews","tag-ee","tag-eesti","tag-eesti-keel","tag-estonia","tag-estonian","tag-featured-news","tag-featurednews","tag-haigusleht","tag-headlines","tag-latest-news","tag-latestnews","tag-news","tag-populaarseimad-lood","tag-tervisekassa","tag-tooandjate-keskliit","tag-top-stories","tag-topstories","tag-uldised-uudised","tag-uudised","tag-viimased-uudised"],"share_on_mastodon":{"url":"https:\/\/pubeurope.com\/@ee\/116828795198596919","error":""},"_links":{"self":[{"href":"https:\/\/www.europesays.com\/ee\/wp-json\/wp\/v2\/posts\/215492","targetHints":{"allow":["GET"]}}],"collection":[{"href":"https:\/\/www.europesays.com\/ee\/wp-json\/wp\/v2\/posts"}],"about":[{"href":"https:\/\/www.europesays.com\/ee\/wp-json\/wp\/v2\/types\/post"}],"author":[{"embeddable":true,"href":"https:\/\/www.europesays.com\/ee\/wp-json\/wp\/v2\/users\/2"}],"replies":[{"embeddable":true,"href":"https:\/\/www.europesays.com\/ee\/wp-json\/wp\/v2\/comments?post=215492"}],"version-history":[{"count":0,"href":"https:\/\/www.europesays.com\/ee\/wp-json\/wp\/v2\/posts\/215492\/revisions"}],"wp:featuredmedia":[{"embeddable":true,"href":"https:\/\/www.europesays.com\/ee\/wp-json\/wp\/v2\/media\/215493"}],"wp:attachment":[{"href":"https:\/\/www.europesays.com\/ee\/wp-json\/wp\/v2\/media?parent=215492"}],"wp:term":[{"taxonomy":"category","embeddable":true,"href":"https:\/\/www.europesays.com\/ee\/wp-json\/wp\/v2\/categories?post=215492"},{"taxonomy":"post_tag","embeddable":true,"href":"https:\/\/www.europesays.com\/ee\/wp-json\/wp\/v2\/tags?post=215492"}],"curies":[{"name":"wp","href":"https:\/\/api.w.org\/{rel}","templated":true}]}}