{"id":215583,"date":"2026-06-28T19:12:11","date_gmt":"2026-06-28T19:12:11","guid":{"rendered":"https:\/\/www.europesays.com\/ee\/215583\/"},"modified":"2026-06-28T19:12:11","modified_gmt":"2026-06-28T19:12:11","slug":"usa-paevik-keelud-ei-aita-kui-sada-aastat-tagasi-elas-abort-poranda-all-siis-nuud-on-ta-kolinud-internetti","status":"publish","type":"post","link":"https:\/\/www.europesays.com\/ee\/215583\/","title":{"rendered":"USA P\u00c4EVIK | Keelud ei aita. Kui sada aastat tagasi elas abort p\u00f5randa all, siis n\u00fc\u00fcd on ta kolinud internetti"},"content":{"rendered":"<p>Samal ajal, kui ameeriklased on hakanud oma kodudele ja t\u00e4navatele lippe riputama t\u00e4histamaks oma kodumaa 250. s\u00fcnnip\u00e4eva, on s\u00f5na kodu t\u00f5usnud ka Ameerika poliitiliste vaidluste keskmesse. Romantilisest m\u00f5istest on saanud vabaduse, elluj\u00e4\u00e4mise ja kodaniku\u00f5iguste k\u00fcsimus. <\/p>\n<p>Kodu ei ole ainult katus pea kohal. See on koht, kuhu sind lubatakse; kuhu oled teretulnud. Kodu on koht, kus sul on \u00f5igus j\u00e4\u00e4da. Ja k\u00f5ige s\u00fcgavamal tasandil on kodu paik, mille \u00fcle on sul vabadus ise otsustada.<\/p>\n<p>Ameeriklaste jaoks t\u00e4hendab kodumaa eelk\u00f5ige ja j\u00e4tkuvalt vabadust ning turvalisust. Need on kaks v\u00e4\u00e4rtust, mille \u00fcmber on ehitatud kogu riigi identiteet. Aga mida s\u00fcgavamale vaadata, seda keerulisemaks muutuvad k\u00fcsimused, kas need v\u00e4\u00e4rtused on k\u00f5igile v\u00f5rdselt k\u00e4ttesaadavad? Kellel on \u00f5igus end siin riigis kodus tunda?<\/p>\n<p>Oled juba tellija?Logi sisse<\/p>\n<p><a href=\"https:\/\/arvamus.delfi.ee\/artikkel\/120593389\/usa-paevik-keelud-ei-aita-kui-sada-aastat-tagasi-elas-abort-poranda-all-siis-nuud-on-ta-kolinud-internetti\/\/kommentaarid\" class=\"article-body-bottom__comment article-body-bottom__comment--write button button--primary button--size-auto\" rel=\"nofollow noopener\" target=\"_blank\"> Kommenteeri <\/a><a href=\"https:\/\/arvamus.delfi.ee\/artikkel\/120593389\/usa-paevik-keelud-ei-aita-kui-sada-aastat-tagasi-elas-abort-poranda-all-siis-nuud-on-ta-kolinud-internetti\/\/kommentaarid\" class=\"article-body-bottom__comment article-body-bottom__comment--read button button--size-auto\" rel=\"nofollow noopener\" target=\"_blank\"> Loe kommentaare (24)<\/a><\/p>\n","protected":false},"excerpt":{"rendered":"Samal ajal, kui ameeriklased on hakanud oma kodudele ja t\u00e4navatele lippe riputama t\u00e4histamaks oma kodumaa 250. s\u00fcnnip\u00e4eva, on&hellip;\n","protected":false},"author":2,"featured_media":215584,"comment_status":"","ping_status":"","sticky":false,"template":"","format":"standard","meta":{"footnotes":"","_share_on_mastodon":"0"},"categories":[80],"tags":[82848,26,27,2260,37,33,35,88289,34,36,31,32,21,691,36807,28,29,95,19,25,23,24,22,325,17332,20,30,92,93,94],"class_list":["post-215583","post","type-post","status-publish","format-standard","has-post-thumbnail","category-maailm","tag-abort","tag-breaking-news","tag-breakingnews","tag-demokraatia","tag-ee","tag-eesti","tag-eesti-keel","tag-eluasemeseadus","tag-estonia","tag-estonian","tag-featured-news","tag-featurednews","tag-headlines","tag-kinnisvara","tag-kodutud","tag-latest-news","tag-latestnews","tag-maailm","tag-news","tag-populaarseimad-lood","tag-top-stories","tag-topstories","tag-uldised-uudised","tag-usa","tag-usa-paevik","tag-uudised","tag-viimased-uudised","tag-world","tag-world-news","tag-worldnews"],"share_on_mastodon":{"url":"https:\/\/pubeurope.com\/@ee\/116829326126069058","error":""},"_links":{"self":[{"href":"https:\/\/www.europesays.com\/ee\/wp-json\/wp\/v2\/posts\/215583","targetHints":{"allow":["GET"]}}],"collection":[{"href":"https:\/\/www.europesays.com\/ee\/wp-json\/wp\/v2\/posts"}],"about":[{"href":"https:\/\/www.europesays.com\/ee\/wp-json\/wp\/v2\/types\/post"}],"author":[{"embeddable":true,"href":"https:\/\/www.europesays.com\/ee\/wp-json\/wp\/v2\/users\/2"}],"replies":[{"embeddable":true,"href":"https:\/\/www.europesays.com\/ee\/wp-json\/wp\/v2\/comments?post=215583"}],"version-history":[{"count":0,"href":"https:\/\/www.europesays.com\/ee\/wp-json\/wp\/v2\/posts\/215583\/revisions"}],"wp:featuredmedia":[{"embeddable":true,"href":"https:\/\/www.europesays.com\/ee\/wp-json\/wp\/v2\/media\/215584"}],"wp:attachment":[{"href":"https:\/\/www.europesays.com\/ee\/wp-json\/wp\/v2\/media?parent=215583"}],"wp:term":[{"taxonomy":"category","embeddable":true,"href":"https:\/\/www.europesays.com\/ee\/wp-json\/wp\/v2\/categories?post=215583"},{"taxonomy":"post_tag","embeddable":true,"href":"https:\/\/www.europesays.com\/ee\/wp-json\/wp\/v2\/tags?post=215583"}],"curies":[{"name":"wp","href":"https:\/\/api.w.org\/{rel}","templated":true}]}}