{"id":215588,"date":"2026-06-28T19:21:13","date_gmt":"2026-06-28T19:21:13","guid":{"rendered":"https:\/\/www.europesays.com\/ee\/215588\/"},"modified":"2026-06-28T19:21:13","modified_gmt":"2026-06-28T19:21:13","slug":"kui-baltikumi-korvpallifannid-ise-platsile-astuvad-ei-jaa-tase-sugugi-mangijatele-alla","status":"publish","type":"post","link":"https:\/\/www.europesays.com\/ee\/215588\/","title":{"rendered":"Kui Baltikumi korvpallif\u00e4nnid ise platsile astuvad, ei j\u00e4\u00e4 tase sugugi m\u00e4ngijatele alla"},"content":{"rendered":"<p class=\"p1\">Euroopa suurimaks omataoliseks peetav f\u00e4nnklubide korvpalliturniir meelitas t\u00e4navu Tallinna 16 meeskonda ning mitu bussit\u00e4it kaasaelajaid. \u00d5ism\u00e4e hallis valitses kogu p\u00e4eva jooksul atmosf\u00e4\u00e4r, mis meenutas kohati t\u00f5sist liigam\u00e4ngu \u2013 trib\u00fc\u00fcnidel k\u00f5lasid laulud, v\u00e4ljakul peeti maha tasav\u00e4giseid lahinguid ning emotsioone jagus viimaste sekunditeni.<\/p>\n<p class=\"p1\">Turniiri v\u00f5it kuulus t\u00e4navu Vilniuse Lietuvos Rytase f\u00e4nnklubile, kes n\u00e4itas k\u00f5ige kindlamat minekut kogu p\u00e4eva v\u00e4ltel. Eesti seitsmest osalenud v\u00f5istkonnast j\u00f5udis esik\u00fcmnesse kolm, kuid l\u00f5plik paremusj\u00e4rjestus kujunes seekord leedulaste kasuks.<\/p>\n<p class=\"p1\">Korvpallip\u00e4ev ei l\u00f5ppenud aga viimase vilega. Traditsioonilisel \u00f5htusel banketil pandi proovile osalejate teadmised korvpalliviktoriinis ning ka seal osutus edukaimaks Lietuvos Rytase seltskond. Nii viisid Vilniuse f\u00e4nnid Tallinnast kaasa omamoodi topeltv\u00f5idu.<\/p>\n<p class=\"p1\">Turniiri peakorraldaja, BC Kalev\/Cramo f\u00e4nnklubi eestvedaja T\u00f5nu Schmidt j\u00e4i s\u00fcndmusega rahule.<\/p>\n<p class=\"p1\">\u00ab16 meeskonda ja suur hulk kaasaelajaid l\u00f5id \u00d5ism\u00e4e hallis suurep\u00e4rase atmosf\u00e4\u00e4ri. K\u00f5ige t\u00e4htsam on see, et osalejad j\u00e4id rahule ja s\u00f5idavad koju heade emotsioonidega. Sellised \u00fcritused n\u00e4itavad, et Baltikumi korvpallikultuur elab ja areneb edasi,\u00bb \u00fctles Schmidt.<\/p>\n<p class=\"p1\">BC Kalev\/Cramo f\u00e4nnklubi v\u00f5\u00f5rustas Baltikumi suurimat f\u00e4nnklubide korvpallipidu ajaloos alles teist korda. Korraldajate s\u00f5nul kinnitas t\u00e4navune turniir taas, et kui Baltikumi korvpallif\u00e4nnid omavahel m\u00f5\u00f5tu v\u00f5tavad, ei j\u00e4\u00e4 v\u00f5istlusvaim ega tase sugugi alla sellele, mida tavaliselt n\u00e4eb professionaalsete meeskondade m\u00e4ngudes.<\/p>\n","protected":false},"excerpt":{"rendered":"Euroopa suurimaks omataoliseks peetav f\u00e4nnklubide korvpalliturniir meelitas t\u00e4navu Tallinna 16 meeskonda ning mitu bussit\u00e4it kaasaelajaid. \u00d5ism\u00e4e hallis valitses&hellip;\n","protected":false},"author":2,"featured_media":215589,"comment_status":"","ping_status":"","sticky":false,"template":"","format":"standard","meta":{"footnotes":"","_share_on_mastodon":"0"},"categories":[18],"tags":[88290,1128,37,33,35,34,36,88291,1513,88293,114,115,9147,88292,159,158,2130,7911],"class_list":["post-215588","post","type-post","status-publish","format-standard","has-post-thumbnail","category-sport","tag-baltikumi-fannklubide-korvpalliturniir","tag-bc-kalev-cramo","tag-ee","tag-eesti","tag-eesti-keel","tag-estonia","tag-estonian","tag-fannklubi","tag-korvpall","tag-korvpallikultuur","tag-lati","tag-leedu","tag-lietuvos-rytas","tag-oismae-sportmangude-hall","tag-sport","tag-sports","tag-tallinn","tag-vilnius"],"share_on_mastodon":{"url":"https:\/\/pubeurope.com\/@ee\/116829361677043795","error":""},"_links":{"self":[{"href":"https:\/\/www.europesays.com\/ee\/wp-json\/wp\/v2\/posts\/215588","targetHints":{"allow":["GET"]}}],"collection":[{"href":"https:\/\/www.europesays.com\/ee\/wp-json\/wp\/v2\/posts"}],"about":[{"href":"https:\/\/www.europesays.com\/ee\/wp-json\/wp\/v2\/types\/post"}],"author":[{"embeddable":true,"href":"https:\/\/www.europesays.com\/ee\/wp-json\/wp\/v2\/users\/2"}],"replies":[{"embeddable":true,"href":"https:\/\/www.europesays.com\/ee\/wp-json\/wp\/v2\/comments?post=215588"}],"version-history":[{"count":0,"href":"https:\/\/www.europesays.com\/ee\/wp-json\/wp\/v2\/posts\/215588\/revisions"}],"wp:featuredmedia":[{"embeddable":true,"href":"https:\/\/www.europesays.com\/ee\/wp-json\/wp\/v2\/media\/215589"}],"wp:attachment":[{"href":"https:\/\/www.europesays.com\/ee\/wp-json\/wp\/v2\/media?parent=215588"}],"wp:term":[{"taxonomy":"category","embeddable":true,"href":"https:\/\/www.europesays.com\/ee\/wp-json\/wp\/v2\/categories?post=215588"},{"taxonomy":"post_tag","embeddable":true,"href":"https:\/\/www.europesays.com\/ee\/wp-json\/wp\/v2\/tags?post=215588"}],"curies":[{"name":"wp","href":"https:\/\/api.w.org\/{rel}","templated":true}]}}