{"id":215653,"date":"2026-06-28T21:17:09","date_gmt":"2026-06-28T21:17:09","guid":{"rendered":"https:\/\/www.europesays.com\/ee\/215653\/"},"modified":"2026-06-28T21:17:09","modified_gmt":"2026-06-28T21:17:09","slug":"nukra-seeria-lopetanud-belgia-tennisist-voitis-karjaari-esimese-atp-trofee-tennis","status":"publish","type":"post","link":"https:\/\/www.europesays.com\/ee\/215653\/","title":{"rendered":"Nukra seeria l\u00f5petanud Belgia tennisist v\u00f5itis karj\u00e4\u00e4ri esimese ATP trofee | Tennis"},"content":{"rendered":"<p>Wimbledoni sl\u00e4mmiturniiri \u00fche eelv\u00f5istluse, Eastbourne&#8217;i ATP 250 kategooria muruturniiri v\u00f5itis Belgia tennisist Zizou Bergs (ATP 48.).<\/p>\n<p>P\u00fchap\u00e4evases finaalis alistas 27-aastane Bergs 3:6, 6:1, 6:4 prantslase Ugo Humbert&#8217; (ATP 30.), Bergs realiseeris oma k\u00fcmnest murdepallist neli ja v\u00f5itis oma servilt 64 protsenti punktidest prantslase 56 protsendi vastu.<\/p>\n<p>Karj\u00e4\u00e4ri esimese ATP tiitli v\u00f5itnud Bergsi jaoks oli Eastbourne&#8217;i turniir korralikuks vabanemiseks: enne seda oli ta ATP tasemel kaotanud j\u00e4rjest kuus m\u00e4ngu. Nukker seeria algas aprillis M\u00fcncheni turniiri teises ringis; seej\u00e4rel kaotas Bergs avaringis j\u00e4rjest nii Madridis, Roomas, Prantsusmaa lahtistel, Halles kui &#8216;s-Hertogenboschis.<\/p>\n<p>&#8220;Suur ait\u00e4h mu meeskonnale. Meil on koos l\u00f5bus ja teeme head t\u00f6\u00f6d, et alati areneda. Kui tulemusi pole, keskendume m\u00e4ngu parandamisele ning seet\u00f5ttu seisame n\u00fc\u00fcd siin selle trofeega,&#8221; r\u00e4\u00e4kis Bergs v\u00e4ljakul m\u00e4nguj\u00e4rgses intervjuus.<\/p>\n<p>Bergsist sai seitsmes m\u00e4ngija, kes sel aastal ATP tasemel esimest korda turniiri v\u00f5itnud. Esmasp\u00e4eval t\u00f5useb ta maailma edetabelis karj\u00e4\u00e4ri k\u00f5rgeimale, 37. kohale.<\/p>\n","protected":false},"excerpt":{"rendered":"Wimbledoni sl\u00e4mmiturniiri \u00fche eelv\u00f5istluse, Eastbourne&#8217;i ATP 250 kategooria muruturniiri v\u00f5itis Belgia tennisist Zizou Bergs (ATP 48.). P\u00fchap\u00e4evases finaalis&hellip;\n","protected":false},"author":2,"featured_media":215654,"comment_status":"","ping_status":"","sticky":false,"template":"","format":"standard","meta":{"footnotes":"","_share_on_mastodon":"0"},"categories":[18],"tags":[88301,37,33,35,34,36,159,158,3864],"class_list":["post-215653","post","type-post","status-publish","format-standard","has-post-thumbnail","category-sport","tag-eastbournei-tenniseturniir","tag-ee","tag-eesti","tag-eesti-keel","tag-estonia","tag-estonian","tag-sport","tag-sports","tag-zizou-bergs"],"share_on_mastodon":{"url":"https:\/\/pubeurope.com\/@ee\/116829817851024164","error":""},"_links":{"self":[{"href":"https:\/\/www.europesays.com\/ee\/wp-json\/wp\/v2\/posts\/215653","targetHints":{"allow":["GET"]}}],"collection":[{"href":"https:\/\/www.europesays.com\/ee\/wp-json\/wp\/v2\/posts"}],"about":[{"href":"https:\/\/www.europesays.com\/ee\/wp-json\/wp\/v2\/types\/post"}],"author":[{"embeddable":true,"href":"https:\/\/www.europesays.com\/ee\/wp-json\/wp\/v2\/users\/2"}],"replies":[{"embeddable":true,"href":"https:\/\/www.europesays.com\/ee\/wp-json\/wp\/v2\/comments?post=215653"}],"version-history":[{"count":0,"href":"https:\/\/www.europesays.com\/ee\/wp-json\/wp\/v2\/posts\/215653\/revisions"}],"wp:featuredmedia":[{"embeddable":true,"href":"https:\/\/www.europesays.com\/ee\/wp-json\/wp\/v2\/media\/215654"}],"wp:attachment":[{"href":"https:\/\/www.europesays.com\/ee\/wp-json\/wp\/v2\/media?parent=215653"}],"wp:term":[{"taxonomy":"category","embeddable":true,"href":"https:\/\/www.europesays.com\/ee\/wp-json\/wp\/v2\/categories?post=215653"},{"taxonomy":"post_tag","embeddable":true,"href":"https:\/\/www.europesays.com\/ee\/wp-json\/wp\/v2\/tags?post=215653"}],"curies":[{"name":"wp","href":"https:\/\/api.w.org\/{rel}","templated":true}]}}