{"id":215801,"date":"2026-06-29T04:07:11","date_gmt":"2026-06-29T04:07:11","guid":{"rendered":"https:\/\/www.europesays.com\/ee\/215801\/"},"modified":"2026-06-29T04:07:11","modified_gmt":"2026-06-29T04:07:11","slug":"usa-ja-iraan-peatasid-sojalise-tegevuse-maailm-postimees-ee","status":"publish","type":"post","link":"https:\/\/www.europesays.com\/ee\/215801\/","title":{"rendered":"USA ja Iraan peatasid s\u00f5jalise tegevuse &#8211; Maailm &#8211; Postimees.ee"},"content":{"rendered":"<ol>\n<li><a href=\"https:\/\/news.google.com\/rss\/articles\/CBMigAFBVV95cUxPWXBFTkNzTW0wQzdVeWY4dEl6WVllaTdaV1NjbXdwVzZ6VzFVSXM2SVA4UEFpMGw2ckZWTFVrVHFDTGwtcElRTkNhSmgzYlJWNFZNLUlMUUd6NUM5d19jcTJ3N0Q1U1B2djk4Nmd2YXQwSUEzZkVVUVNCS3ZnbDBuTg?oc=5\" target=\"_blank\" rel=\"nofollow noopener\">USA ja Iraan peatasid s\u00f5jalise tegevuse<\/a>&nbsp;&nbsp;Maailm &#8211; Postimees.ee<\/li>\n<li><a href=\"https:\/\/news.google.com\/rss\/articles\/CBMijgFBVV95cUxPWFU1TWlvbndsMXo1VllxS3JMZ2h4VlFwbHFiWW90bzU1dEdzYkRaaGtVMHBIV0VlUUw5aG5XdFBMUkZ1MHAzRmNSU3JxSzUya2FlQU53enZrV2FmS1Q5UTZDbUpBV2tIUlFZZ1JKZGdIeVNQYVU5RnhZN1daVGxfbUxPZFBXS2cxdzZRTVhn?oc=5\" target=\"_blank\" rel=\"nofollow noopener\">Axios: Iraan ja USA leppisid kokku r\u00fcnnakute l\u00f5petamises<\/a>&nbsp;&nbsp;ERR<\/li>\n<li><a href=\"https:\/\/news.google.com\/rss\/articles\/CBMisAFBVV95cUxORFpaekp3ZUVseE84Q0VVNUNRRHp5V2hUU0NFNWl2TGduZVRrY3c3QlNURjYxNnY0cVBRU1hpU3JueFN6OTJUbWRTVEIzLTBrVXZMMjdtbm1hVVdpWFdSUFd6bXJvRWtyQXFwT2xXdEVSMzEwV3lJbVhieFB0aHRkS1RscVBYX2RJYnlwSTlsNkNKa0NaMmdNSmdTWUg2c0U2aXd3emJKelVuYkEtUEQxRQ?oc=5\" target=\"_blank\" rel=\"nofollow noopener\">USA lubab Iraanil esimest korda \u00fcle aastak\u00fcmnete m\u00fc\u00fca naftat dollarite eest<\/a>&nbsp;&nbsp;Maailm &#8211; Postimees.ee<\/li>\n<li><a href=\"https:\/\/news.google.com\/rss\/articles\/CBMiywFBVV95cUxONEVXVlNiQWpxNTRtUVpEb3JOMXF2Wjh4d1FHR3Fzam0yaXllbFVCLVJhcHh2RGVZdTJ6MkxGZFRDV0N6M3NhZDdEekJfaFFrMFl6bWdJb0ZEUW0wT2JfTzBEQzBFZ1hhLTl6VDBINmxpR3ZzZE1xemxhOFRUbVkzRkNhUzNDSGtnalRQb25kQngwcjk4S0lianYtUU9BLWNsWU1JMy1LaUVmSThidHV0OFdzTWhFbVQ5bzBROWxBaWZWRFFMX3BxaExLNA?oc=5\" target=\"_blank\" rel=\"nofollow noopener\">USA-Iraani k\u00f5nelustel tehti v\u00e4idetavalt edusamme, Trump \u00e4hvardas uuesti pommitamisega<\/a>&nbsp;&nbsp;Delfi<\/li>\n<li><a href=\"https:\/\/news.google.com\/rss\/articles\/CBMiuwFBVV95cUxORl9fTS1mWm0tSXV3X08yTUFCSlRBXy0wSkd2TDUySzZ2U2tWdjktVzk1SXhMYVBlOHE1d3ZzNVUtWlRNYk5qLTNZMlFFeUxVdVJXTGNYN09IZmptc2tyZC1fOXBFTEFWT0c1ODE2cDZ0clFwVnpBMEdvYlBsa2dtRWduLTN6UzhtUllUR19OZjJnbVRURG91QWZtcE5MaUd6MjVfa3JJM2RGdVVJbGs0VnBpaUxybzhVaWVz?oc=5\" target=\"_blank\" rel=\"nofollow noopener\">USA saabus \u0160veitsi Iraaniga rahu s\u00f5lmima, aga varem kokku lepitud teema muutus<\/a>&nbsp;&nbsp;\u00c4rip\u00e4ev<\/li>\n<\/ol>\n","protected":false},"excerpt":{"rendered":"USA ja Iraan peatasid s\u00f5jalise tegevuse&nbsp;&nbsp;Maailm &#8211; Postimees.ee Axios: Iraan ja USA leppisid kokku r\u00fcnnakute l\u00f5petamises&nbsp;&nbsp;ERR USA lubab&hellip;\n","protected":false},"author":2,"featured_media":215802,"comment_status":"","ping_status":"","sticky":false,"template":"","format":"standard","meta":{"footnotes":"","_share_on_mastodon":"0"},"categories":[80],"tags":[587,88336,26,27,37,33,35,34,36,31,32,21,46527,1925,39922,88337,8830,4376,28,29,95,19,88338,25,4588,23,24,22,20,30,92,93,94],"class_list":["post-215801","post","type-post","status-publish","format-standard","has-post-thumbnail","category-maailm","tag-ameerika-uhendriigid","tag-axiosega","tag-breaking-news","tag-breakingnews","tag-ee","tag-eesti","tag-eesti-keel","tag-estonia","tag-estonian","tag-featured-news","tag-featurednews","tag-headlines","tag-hormuzi-vain","tag-iraan","tag-iraani-tuumaprogramm","tag-islami-revolutsioonikaart","tag-katar","tag-lahis-ida","tag-latest-news","tag-latestnews","tag-maailm","tag-news","tag-nick-stewart","tag-populaarseimad-lood","tag-sveits","tag-top-stories","tag-topstories","tag-uldised-uudised","tag-uudised","tag-viimased-uudised","tag-world","tag-world-news","tag-worldnews"],"share_on_mastodon":{"url":"https:\/\/pubeurope.com\/@ee\/116831430042797067","error":""},"_links":{"self":[{"href":"https:\/\/www.europesays.com\/ee\/wp-json\/wp\/v2\/posts\/215801","targetHints":{"allow":["GET"]}}],"collection":[{"href":"https:\/\/www.europesays.com\/ee\/wp-json\/wp\/v2\/posts"}],"about":[{"href":"https:\/\/www.europesays.com\/ee\/wp-json\/wp\/v2\/types\/post"}],"author":[{"embeddable":true,"href":"https:\/\/www.europesays.com\/ee\/wp-json\/wp\/v2\/users\/2"}],"replies":[{"embeddable":true,"href":"https:\/\/www.europesays.com\/ee\/wp-json\/wp\/v2\/comments?post=215801"}],"version-history":[{"count":0,"href":"https:\/\/www.europesays.com\/ee\/wp-json\/wp\/v2\/posts\/215801\/revisions"}],"wp:featuredmedia":[{"embeddable":true,"href":"https:\/\/www.europesays.com\/ee\/wp-json\/wp\/v2\/media\/215802"}],"wp:attachment":[{"href":"https:\/\/www.europesays.com\/ee\/wp-json\/wp\/v2\/media?parent=215801"}],"wp:term":[{"taxonomy":"category","embeddable":true,"href":"https:\/\/www.europesays.com\/ee\/wp-json\/wp\/v2\/categories?post=215801"},{"taxonomy":"post_tag","embeddable":true,"href":"https:\/\/www.europesays.com\/ee\/wp-json\/wp\/v2\/tags?post=215801"}],"curies":[{"name":"wp","href":"https:\/\/api.w.org\/{rel}","templated":true}]}}