{"id":215848,"date":"2026-06-29T05:15:17","date_gmt":"2026-06-29T05:15:17","guid":{"rendered":"https:\/\/www.europesays.com\/ee\/215848\/"},"modified":"2026-06-29T05:15:17","modified_gmt":"2026-06-29T05:15:17","slug":"muhu-uudissed-%e2%9f%a9-juanid-labi-neh-saarte-haal","status":"publish","type":"post","link":"https:\/\/www.europesays.com\/ee\/215848\/","title":{"rendered":"MUHU UUDISSED \u27e9 Juanid l\u00e4bi, neh! &#8211; Saarte H\u00e4\u00e4l"},"content":{"rendered":"<ol>\n<li><a href=\"https:\/\/news.google.com\/rss\/articles\/CBMieEFVX3lxTE9pRjZNSXpPbUNqY3pxSkZPWnZZTG5qY2U0NW5ROUpLN3QxS3FDUXFNeHdDYWxscDl6b0E1NlVJTVZmYk02YnZoY25ucDlVcnFmb0FMVTZGLUxTZThMRjNIMlY0NFdzMDNUM19WQjRmYVAzWHF6ZUlPYw?oc=5\" target=\"_blank\" rel=\"nofollow noopener\">MUHU UUDISSED \u27e9 Juanid l\u00e4bi, neh!<\/a>&nbsp;&nbsp;Saarte H\u00e4\u00e4l<\/li>\n<li><a href=\"https:\/\/news.google.com\/rss\/articles\/CBMiP0FVX3lxTE9IRC1FQVhXNnB3Ykc5ZlB5amxGV3F1bHIzcTRlMzFBNl81TnEzXzFCckh5bm1maktMS013cEdNNA?oc=5\" target=\"_blank\" rel=\"nofollow noopener\">PUNKTISEIS | Konkurendid tulid Evansile l\u00e4hemale, Virves on WRC2 tiitliheitluses t\u00e4ielikult sees<\/a>&nbsp;&nbsp;Uudis.net<\/li>\n<li><a href=\"https:\/\/news.google.com\/rss\/articles\/CBMiP0FVX3lxTE8xSENaMkx4TlJWWS16MnRJT2xPRFVDNG1rNGRzcU9xenJSTUVVUndzR2tHeG1kTWowbXFuajZHMA?oc=5\" target=\"_blank\" rel=\"nofollow noopener\">GRAAFIKUD | \u00dclevaade riigikogu kevadistungj\u00e4rgust. Osa koalitsioonist oli saalis pea hiirvaikne<\/a>&nbsp;&nbsp;Uudis.net<\/li>\n<li><a href=\"https:\/\/news.google.com\/rss\/articles\/CBMiP0FVX3lxTFBmN016eVlJVUU5M3Z3Y0NkRlpGdzQ1S2RWNk9ETXBwTldoV3pIakU3TmdhbWlfb05kVno0N0daNA?oc=5\" target=\"_blank\" rel=\"nofollow noopener\">Putin kohtus Luka\u0161enkaga Valdai residentsis<\/a>&nbsp;&nbsp;Uudis.net<\/li>\n<\/ol>\n","protected":false},"excerpt":{"rendered":"MUHU UUDISSED \u27e9 Juanid l\u00e4bi, neh!&nbsp;&nbsp;Saarte H\u00e4\u00e4l PUNKTISEIS | Konkurendid tulid Evansile l\u00e4hemale, Virves on WRC2 tiitliheitluses t\u00e4ielikult&hellip;\n","protected":false},"author":2,"featured_media":215849,"comment_status":"","ping_status":"","sticky":false,"template":"","format":"standard","meta":{"footnotes":"","_share_on_mastodon":"0"},"categories":[5],"tags":[26,27,37,33,35,34,36,31,32,21,88349,88356,88355,20143,28,29,88353,88351,88352,62514,19892,19,88354,25,26586,88350,88357,23,24,88358,22,88359,88360,20,30],"class_list":["post-215848","post","type-post","status-publish","format-standard","has-post-thumbnail","category-uldised-uudised","tag-breaking-news","tag-breakingnews","tag-ee","tag-eesti","tag-eesti-keel","tag-estonia","tag-estonian","tag-featured-news","tag-featurednews","tag-headlines","tag-juanipaev","tag-kasituo-naitus","tag-kiigepae","tag-kunstinaitus","tag-latest-news","tag-latestnews","tag-liiva-kuolimaja","tag-liiva-linn","tag-luomekuondis","tag-muhu-murre","tag-muhu-saar","tag-news","tag-pastoroat","tag-populaarseimad-lood","tag-puhad","tag-saarerahvas","tag-suvine-ilm","tag-top-stories","tag-topstories","tag-turism-muhus","tag-uldised-uudised","tag-ulemualased","tag-untsantsakad","tag-uudised","tag-viimased-uudised"],"share_on_mastodon":{"url":"https:\/\/pubeurope.com\/@ee\/116831697156588581","error":""},"_links":{"self":[{"href":"https:\/\/www.europesays.com\/ee\/wp-json\/wp\/v2\/posts\/215848","targetHints":{"allow":["GET"]}}],"collection":[{"href":"https:\/\/www.europesays.com\/ee\/wp-json\/wp\/v2\/posts"}],"about":[{"href":"https:\/\/www.europesays.com\/ee\/wp-json\/wp\/v2\/types\/post"}],"author":[{"embeddable":true,"href":"https:\/\/www.europesays.com\/ee\/wp-json\/wp\/v2\/users\/2"}],"replies":[{"embeddable":true,"href":"https:\/\/www.europesays.com\/ee\/wp-json\/wp\/v2\/comments?post=215848"}],"version-history":[{"count":0,"href":"https:\/\/www.europesays.com\/ee\/wp-json\/wp\/v2\/posts\/215848\/revisions"}],"wp:featuredmedia":[{"embeddable":true,"href":"https:\/\/www.europesays.com\/ee\/wp-json\/wp\/v2\/media\/215849"}],"wp:attachment":[{"href":"https:\/\/www.europesays.com\/ee\/wp-json\/wp\/v2\/media?parent=215848"}],"wp:term":[{"taxonomy":"category","embeddable":true,"href":"https:\/\/www.europesays.com\/ee\/wp-json\/wp\/v2\/categories?post=215848"},{"taxonomy":"post_tag","embeddable":true,"href":"https:\/\/www.europesays.com\/ee\/wp-json\/wp\/v2\/tags?post=215848"}],"curies":[{"name":"wp","href":"https:\/\/api.w.org\/{rel}","templated":true}]}}