{"id":215892,"date":"2026-06-29T06:17:21","date_gmt":"2026-06-29T06:17:21","guid":{"rendered":"https:\/\/www.europesays.com\/ee\/215892\/"},"modified":"2026-06-29T06:17:21","modified_gmt":"2026-06-29T06:17:21","slug":"vagistamises-suudistatud-mm-i-taht-kaebas-otsuse-edasi-jalgpall","status":"publish","type":"post","link":"https:\/\/www.europesays.com\/ee\/215892\/","title":{"rendered":"V\u00e4gistamises s\u00fc\u00fcdistatud MM-i t\u00e4ht kaebas otsuse edasi | Jalgpall"},"content":{"rendered":"<p>Maroko jalgpallit\u00e4ht Achraf Hakimi on edasi kaevanud otsuse, mille kohaselt peab ta Prantsusmaal astuma kohtu ette v\u00e4gistamiss\u00fc\u00fcdistuse t\u00f5ttu.<\/p>\n<p>Prantsuse apellatsioonikohus otsustas 19. juunil, et Paris Saint-Germaini kaitsja peab astuma kohtu ette seoses 2023. aastal esitatud v\u00e4gistamiss\u00fc\u00fcdistusega. Hakimi on s\u00fc\u00fcdistusi kogu menetluse v\u00e4ltel eitanud.<\/p>\n<p>AFP teatel p\u00f6\u00f6rdus Hakimi p\u00e4rast apellatsioonikohtu otsust Prantsusmaa k\u00f5rgeimasse kohtusse. Tema advokaat ei soovinud seda sammu kommenteerida.<\/p>\n<p>2023. aasta veebruaris p\u00f6\u00f6rdus tollal 24-aastane naine politseisse ja v\u00e4itis, et tutvus Hakimiga varem Instagramis ning s\u00f5itis jalgpalluri tellitud taksoga tema koju. Naise s\u00f5nul v\u00e4gistas Hakimi ta.<\/p>\n<p>P\u00e4rast 19. juuni otsust teatas Hakimi \u00fchismeedias, et on kohtuprotsessi oodanud esimesest p\u00e4evast peale. Kannatanu advokaadi Rachel-Flore Pardo s\u00f5nul on k\u00f5ik senised otsused olnud tema kliendi kasuks. &#8220;Ta v\u00f5itleb l\u00f5puni \u00f5igluse saavutamiseks,&#8221; \u00fctles ta.<\/p>\n","protected":false},"excerpt":{"rendered":"Maroko jalgpallit\u00e4ht Achraf Hakimi on edasi kaevanud otsuse, mille kohaselt peab ta Prantsusmaal astuma kohtu ette v\u00e4gistamiss\u00fc\u00fcdistuse t\u00f5ttu.&hellip;\n","protected":false},"author":2,"featured_media":215893,"comment_status":"","ping_status":"","sticky":false,"template":"","format":"standard","meta":{"footnotes":"","_share_on_mastodon":"0"},"categories":[18],"tags":[23216,37,33,35,34,36,159,158],"class_list":["post-215892","post","type-post","status-publish","format-standard","has-post-thumbnail","category-sport","tag-achraf-hakimi","tag-ee","tag-eesti","tag-eesti-keel","tag-estonia","tag-estonian","tag-sport","tag-sports"],"share_on_mastodon":{"url":"https:\/\/pubeurope.com\/@ee\/116831941181615368","error":""},"_links":{"self":[{"href":"https:\/\/www.europesays.com\/ee\/wp-json\/wp\/v2\/posts\/215892","targetHints":{"allow":["GET"]}}],"collection":[{"href":"https:\/\/www.europesays.com\/ee\/wp-json\/wp\/v2\/posts"}],"about":[{"href":"https:\/\/www.europesays.com\/ee\/wp-json\/wp\/v2\/types\/post"}],"author":[{"embeddable":true,"href":"https:\/\/www.europesays.com\/ee\/wp-json\/wp\/v2\/users\/2"}],"replies":[{"embeddable":true,"href":"https:\/\/www.europesays.com\/ee\/wp-json\/wp\/v2\/comments?post=215892"}],"version-history":[{"count":0,"href":"https:\/\/www.europesays.com\/ee\/wp-json\/wp\/v2\/posts\/215892\/revisions"}],"wp:featuredmedia":[{"embeddable":true,"href":"https:\/\/www.europesays.com\/ee\/wp-json\/wp\/v2\/media\/215893"}],"wp:attachment":[{"href":"https:\/\/www.europesays.com\/ee\/wp-json\/wp\/v2\/media?parent=215892"}],"wp:term":[{"taxonomy":"category","embeddable":true,"href":"https:\/\/www.europesays.com\/ee\/wp-json\/wp\/v2\/categories?post=215892"},{"taxonomy":"post_tag","embeddable":true,"href":"https:\/\/www.europesays.com\/ee\/wp-json\/wp\/v2\/tags?post=215892"}],"curies":[{"name":"wp","href":"https:\/\/api.w.org\/{rel}","templated":true}]}}