{"id":216044,"date":"2026-06-29T09:08:09","date_gmt":"2026-06-29T09:08:09","guid":{"rendered":"https:\/\/www.europesays.com\/ee\/216044\/"},"modified":"2026-06-29T09:08:09","modified_gmt":"2026-06-29T09:08:09","slug":"eesti-tiimi-imetegu-hoidis-aabramsi-mm-tiitli-lootuse-elus-veemoto","status":"publish","type":"post","link":"https:\/\/www.europesays.com\/ee\/216044\/","title":{"rendered":"Eesti tiimi imetegu hoidis Aabramsi MM-tiitli lootuse elus | Veemoto"},"content":{"rendered":"<p>M\u00f6\u00f6dunud n\u00e4dalavahetusel Poolas peetud Hydro GP maailmameistriv\u00f5istluste etapist kujunes Eesti koondisele t\u00f5eline vastupidavuskatse. K\u00f5ige keerulisema n\u00e4dalavahetuse elas \u00fcle Erko Aabrams, kelle jaoks oli Poola etapp t\u00f5eline elluj\u00e4\u00e4miskursus.<\/p>\n<p>F500 klassis maailmameistritiitlit jahtiva Abramsi paat j\u00e4i esimese s\u00f5idu stardis seisma ning ta pidi alustama viimaselt kohalt. &#8220;Teadsin, et kiirus on olemas ning hakkasin lihtsalt kohta koha j\u00e4rel tagasi v\u00f5tma. L\u00f5puks \u00f5nnestus t\u00f5usta teiseks ning see andis enesekindlust, et suudame siin v\u00f5idu nimel s\u00f5ita,&#8221; \u00fctles eestlane.<\/p>\n<p>P\u00fchap\u00e4evases teises s\u00f5idus tabas eestlast n\u00e4dalavahetuse k\u00f5ige raskem hetk. Stardiprobleemide lahendamiseks tehtud muudatused toimisid ning Aabrams v\u00f5itles juba esimestes kurvides liidritega, kuid sattus seej\u00e4rel kokkup\u00f5rkesse inglase Paul Harti ja itaallase Giuseppe Rossiga. Avarii k\u00e4igus purunes paadi k\u00fclg ning summuti sai tugevalt kahjustada.<\/p>\n<p>J\u00e4rgnenud k\u00fcmme minutit kujunesid kogu n\u00e4dalavahetuse \u00fcheks suurimaks kangelasteoks. Team Estonia mehaanikud sirutasid k\u00f5vera summuti tagasi, vahetasid s\u00fc\u00fctek\u00fc\u00fcnla ja juhtmed ning parandasid purunenud paadikere ajutiselt teibiga. &#8220;Ma ei suuda oma tiimi piisavalt t\u00e4nada. Nad tegid sisuliselt v\u00f5imatu v\u00f5imalikuks. K\u00fcmne minutiga saime purustatud paadi uuesti vee peale. Kordusstardis oli ainus k\u00fcsimus, kas see k\u00f5ik peab l\u00f5puni vastu. V\u00f5tsin natuke rahulikumalt, aga suutsime taas l\u00f5petada teisena,&#8221; \u00fctles Aabrams.<\/p>\n<p>Kolmandas s\u00f5idus l\u00f5petas eestlane samuti teisena ning teenis Poola MM-etapilt kokkuv\u00f5ttes teise koha. Enne hooaja viimast etappi Bulgaarias lahutab teda F500 MM-sarja liidrist vaid neli punkti.<\/p>\n<p>F250 klassis s\u00f5itev Marek Peeba pidi samuti kohanema \u00e4\u00e4rmuslike ilmastikuoludega. Peeba s\u00f5itis ajas\u00f5idus v\u00e4lja kiireima aja ning n\u00e4itas kogu n\u00e4dalavahetuse v\u00e4ltel tugevat tempot, teenides kokkuv\u00f5ttes kolmanda koha.<\/p>\n<p>&#8220;Ajas\u00f5it \u00f5nnestus ideaalselt \u2013 juba \u00fche kiire ringiga oli selge, et kvalifikatsioonis mulle vastast ei olnud. V\u00f5istlusstardid kujunesid aga keerulisemaks, sest stardikiirenduseks ei olnud me veel p\u00e4ris \u00f5iget seadistust leidnud. Sellest hoolimata tulid esimesest kahest s\u00f5idust k\u00f5vade lahingute j\u00e4rel teine ja kolmas koht, mis andsid v\u00f5imaluse minna viimasesse s\u00f5itu riskima propelleriga, mida me polnud varem kordagi proovinud,&#8221; r\u00e4\u00e4kis ta. &#8220;See oli v\u00e4gev v\u00f5istlus, mis pakkus k\u00f5ike \u2013 \u00f5nnestumisi, eba\u00f5nne, raskusi, aga ka siirast rahulolu ja r\u00f5\u00f5mu. Suur t\u00e4nu kogu Team Estoniale ning k\u00f5igile, kes meie tegemistele kaasa elavad.&#8221;<\/p>\n<p>F250 klassi n\u00e4itas Joonas Lember konkurentsiv\u00f5imet, kuid tehnilised probleemid r\u00f6\u00f6visid talt v\u00f5imaluse k\u00f5rgetele kohtadele s\u00f5ita. Hooaja l\u00f5petas Lember maailmameistriv\u00f5istluste viienda kohaga ning peab seda oluliseks sammuks kogu klassi arengus.<\/p>\n<p>Peeba ja Lember t\u00f5mbasid selle etapiga Hydro GP MM-hooajale joone alla, kuid Aabramsit ootavad\u00a0ees hooaja k\u00f5ige olulisemad stardid \u2013 juba 24.\u201326. juulil v\u00f5istleb ta Tallinnas toimuvatel Euroopa meistriv\u00f5istlustel, kus kodupublikul avaneb v\u00f5imalus talle kaasa elada.\u00a0Seej\u00e4rel s\u00f5idab Aabrams Bulgaariasse F500 maailmameistriv\u00f5istluste sarja viimasele etapile.<\/p>\n","protected":false},"excerpt":{"rendered":"M\u00f6\u00f6dunud n\u00e4dalavahetusel Poolas peetud Hydro GP maailmameistriv\u00f5istluste etapist kujunes Eesti koondisele t\u00f5eline vastupidavuskatse. K\u00f5ige keerulisema n\u00e4dalavahetuse elas \u00fcle&hellip;\n","protected":false},"author":2,"featured_media":216045,"comment_status":"","ping_status":"","sticky":false,"template":"","format":"standard","meta":{"footnotes":"","_share_on_mastodon":"0"},"categories":[5],"tags":[26,27,37,33,35,8686,34,36,31,32,21,28,29,19,25,23,24,22,20,30],"class_list":["post-216044","post","type-post","status-publish","format-standard","has-post-thumbnail","category-uldised-uudised","tag-breaking-news","tag-breakingnews","tag-ee","tag-eesti","tag-eesti-keel","tag-erko-aabrams","tag-estonia","tag-estonian","tag-featured-news","tag-featurednews","tag-headlines","tag-latest-news","tag-latestnews","tag-news","tag-populaarseimad-lood","tag-top-stories","tag-topstories","tag-uldised-uudised","tag-uudised","tag-viimased-uudised"],"share_on_mastodon":{"url":"https:\/\/pubeurope.com\/@ee\/116832613455592776","error":""},"_links":{"self":[{"href":"https:\/\/www.europesays.com\/ee\/wp-json\/wp\/v2\/posts\/216044","targetHints":{"allow":["GET"]}}],"collection":[{"href":"https:\/\/www.europesays.com\/ee\/wp-json\/wp\/v2\/posts"}],"about":[{"href":"https:\/\/www.europesays.com\/ee\/wp-json\/wp\/v2\/types\/post"}],"author":[{"embeddable":true,"href":"https:\/\/www.europesays.com\/ee\/wp-json\/wp\/v2\/users\/2"}],"replies":[{"embeddable":true,"href":"https:\/\/www.europesays.com\/ee\/wp-json\/wp\/v2\/comments?post=216044"}],"version-history":[{"count":0,"href":"https:\/\/www.europesays.com\/ee\/wp-json\/wp\/v2\/posts\/216044\/revisions"}],"wp:featuredmedia":[{"embeddable":true,"href":"https:\/\/www.europesays.com\/ee\/wp-json\/wp\/v2\/media\/216045"}],"wp:attachment":[{"href":"https:\/\/www.europesays.com\/ee\/wp-json\/wp\/v2\/media?parent=216044"}],"wp:term":[{"taxonomy":"category","embeddable":true,"href":"https:\/\/www.europesays.com\/ee\/wp-json\/wp\/v2\/categories?post=216044"},{"taxonomy":"post_tag","embeddable":true,"href":"https:\/\/www.europesays.com\/ee\/wp-json\/wp\/v2\/tags?post=216044"}],"curies":[{"name":"wp","href":"https:\/\/api.w.org\/{rel}","templated":true}]}}