{"id":216060,"date":"2026-06-29T09:26:15","date_gmt":"2026-06-29T09:26:15","guid":{"rendered":"https:\/\/www.europesays.com\/ee\/216060\/"},"modified":"2026-06-29T09:26:15","modified_gmt":"2026-06-29T09:26:15","slug":"hannes-soomer-voitles-praeahju-tingimustes-valja-kuuenda-koha","status":"publish","type":"post","link":"https:\/\/www.europesays.com\/ee\/216060\/","title":{"rendered":"Hannes Soomer v\u00f5itles praeahju tingimustes v\u00e4lja kuuenda koha"},"content":{"rendered":"<p>P\u00fchap\u00e4evased v\u00f5istluss\u00f5idud peeti tingimustes, kus rajakatte temperatuuriks m\u00f5\u00f5deti \u00fcle 60 kraadi ja \u00f5husoojus j\u00e4i sellest paarik\u00fcmne p\u00fcgalaga maha.<\/p>\n<p>T\u00f5usvad temperatuurid m\u00f5jutasid teistest enam Soomeri ja tema v\u00f5istkonnakaaslase tsiklite mootoreid, mist\u00f5ttu j\u00e4id eestlase seekordseks laeks kaks kuuendat kohta ning nendegi p\u00e4rast tuli k\u00f5vasti v\u00f5idelda.<\/p>\n<p>\u00abMida enam temperatuur t\u00f5usis, seda raskemaks meil l\u00e4ks,\u00bb nentis Soomer kokkuv\u00f5tlikult. \u00abReedel j\u00e4in esimeste treeningute k\u00e4igus \u00f5ige napilt alla vaid liidrile, ent laup\u00e4eval tuli kvalifikatsioonis neljas koht vere maitsega suus ja v\u00f5istluss\u00f5itudes tuli kakelda meestega, keda n\u00e4en enamasti p\u00e4rast v\u00f5istlust boksiteel.\u00bb<\/p>\n<p>Teises v\u00f5istluss\u00f5idus j\u00f5udis ta esimesse kurvi kolmandana, ent siis tuli stardij\u00e4rgse sagina t\u00f5ttu pidurdamine pikaks lasta ja rajale naasmine eba\u00f5nnestus, mist\u00f5ttu alustas Soomer liidrite tagaajamist alles \u00fcheksandalt kohalt.<\/p>\n<p>\u00abTegin, mis suutsin, aga kaks kuuendat kohta olid t\u00e4na meie laeks ja needki ei tulnud kergelt. Positiivse emotsiooni tekitasid vaid esimeses kurvis olnud f\u00e4nnid koos lipumere ja lipuv\u00e4rvides suitsuga. Hea meel oli sellegi \u00fcle, et meeskond tegutses veatult ning k\u00f5ik mida rajal teha saab, tegime h\u00e4sti,\u00bb hindas Soomer.<\/p>\n<p>\u00abKuid n\u00fc\u00fcd tuleb aru saada sellest, miks me kaotame konkurentidele sirgetel ja kurvidest v\u00e4ljumistel ning miks me oleme temperatuuride t\u00f5ustes haavatavad. Tiimikaaslane suutis eelmisel etapil \u00fche v\u00f5istluss\u00f5idu v\u00f5ita, ent t\u00e4na tuli temalgi minu selja taga oma koha eest rassida,\u00bb lisas eestlane.<\/p>\n<p>Euro Moto v\u00f5istluskalendris j\u00e4rgneb n\u00fc\u00fcd pikem paus, mille jooksul leitakse ehk BMW M 1000 RR-i mootorist eksinud \u00abhobused\u00bb taas \u00fcles. Hannes Soomer stardib eeloleval n\u00e4dalavahetusel Jaapanis kestvuss\u00f5idu MM-v\u00f5istluste kolmandal etapil. Euro Moto neljas etapp s\u00f5idetakse 2. augustil Saksamaal Oscherslebenis.<\/p>\n","protected":false},"excerpt":{"rendered":"P\u00fchap\u00e4evased v\u00f5istluss\u00f5idud peeti tingimustes, kus rajakatte temperatuuriks m\u00f5\u00f5deti \u00fcle 60 kraadi ja \u00f5husoojus j\u00e4i sellest paarik\u00fcmne p\u00fcgalaga maha.&hellip;\n","protected":false},"author":2,"featured_media":216061,"comment_status":"","ping_status":"","sticky":false,"template":"","format":"standard","meta":{"footnotes":"","_share_on_mastodon":"0"},"categories":[18],"tags":[74288,37,33,35,14127,34,36,88411,2353,1869,88412,56594,88415,88414,88413,159,158,116,88416],"class_list":["post-216060","post","type-post","status-publish","format-standard","has-post-thumbnail","category-sport","tag-bmw-m-1000-rr","tag-ee","tag-eesti","tag-eesti-keel","tag-eestlane","tag-estonia","tag-estonian","tag-euro-moto","tag-euroopa-kuumalaine","tag-hannes-soomer","tag-kestvussoidu-mm-voistlused","tag-mootorid","tag-mootorispordisari","tag-mootorrattasport","tag-oschersleben","tag-sport","tag-sports","tag-tsehhi","tag-tsehhi-ringrada"],"share_on_mastodon":{"url":"https:\/\/pubeurope.com\/@ee\/116832684342903902","error":""},"_links":{"self":[{"href":"https:\/\/www.europesays.com\/ee\/wp-json\/wp\/v2\/posts\/216060","targetHints":{"allow":["GET"]}}],"collection":[{"href":"https:\/\/www.europesays.com\/ee\/wp-json\/wp\/v2\/posts"}],"about":[{"href":"https:\/\/www.europesays.com\/ee\/wp-json\/wp\/v2\/types\/post"}],"author":[{"embeddable":true,"href":"https:\/\/www.europesays.com\/ee\/wp-json\/wp\/v2\/users\/2"}],"replies":[{"embeddable":true,"href":"https:\/\/www.europesays.com\/ee\/wp-json\/wp\/v2\/comments?post=216060"}],"version-history":[{"count":0,"href":"https:\/\/www.europesays.com\/ee\/wp-json\/wp\/v2\/posts\/216060\/revisions"}],"wp:featuredmedia":[{"embeddable":true,"href":"https:\/\/www.europesays.com\/ee\/wp-json\/wp\/v2\/media\/216061"}],"wp:attachment":[{"href":"https:\/\/www.europesays.com\/ee\/wp-json\/wp\/v2\/media?parent=216060"}],"wp:term":[{"taxonomy":"category","embeddable":true,"href":"https:\/\/www.europesays.com\/ee\/wp-json\/wp\/v2\/categories?post=216060"},{"taxonomy":"post_tag","embeddable":true,"href":"https:\/\/www.europesays.com\/ee\/wp-json\/wp\/v2\/tags?post=216060"}],"curies":[{"name":"wp","href":"https:\/\/api.w.org\/{rel}","templated":true}]}}