{"id":216070,"date":"2026-06-29T09:39:13","date_gmt":"2026-06-29T09:39:13","guid":{"rendered":"https:\/\/www.europesays.com\/ee\/216070\/"},"modified":"2026-06-29T09:39:13","modified_gmt":"2026-06-29T09:39:13","slug":"sari-pole-laste-meelelahutus-vaid-venemaa-tooriist-netflix-sai-oiguse-naidata-lastesarja-masa-ja-karu-ule-sajas-riigis","status":"publish","type":"post","link":"https:\/\/www.europesays.com\/ee\/216070\/","title":{"rendered":"\u201eSari pole laste meelelahutus, vaid Venemaa t\u00f6\u00f6riist!\u201c Netflix sai \u00f5iguse n\u00e4idata lastesarja \u201eMa\u0161a ja karu\u201c \u00fcle sajas riigis"},"content":{"rendered":"<p>Netflixi otsus \u201eMa\u0161a ja karu\u201c levitamislitsentsi pikendada tekitas Ukrainas kriitikat. Ukraina desinformatsiooni vastu v\u00f5itlemise keskus p\u00f6\u00f6rab t\u00e4helepanu sellele, et sari pole ainult laste meelelahutus, vaid ka Venemaa \u201epehme j\u00f5u\u201c t\u00f6\u00f6riist.<\/p>\n<p>Keskuse esindajad v\u00e4idavad, et animasari sisaldab elemente, mis aitavad kaasa Venemaa positiivse kuvandi loomisele, normaliseerivad N\u00f5ukogude narratiive ja populariseerivad militarismi. Lisaks arvatakse, et teatud s\u00fc\u017eeed ja tegelased kasutavad \u00e4ra stereot\u00fc\u00fcpe teiste rahvaste kohta, vahendab ingliskeelne Ukraina v\u00e4ljaanne The New Voice of Ukraine.<\/p>\n<p>Oled juba tellija?Logi sisse<\/p>\n<p><a href=\"https:\/\/kroonika.delfi.ee\/artikkel\/120593777\/sari-pole-laste-meelelahutus-vaid-venemaa-tooriist-netflix-sai-oiguse-naidata-lastesarja-masa-ja-karu-ule-sajas-riigis\/kommentaarid\" class=\"article-body-bottom__comment article-body-bottom__comment--write button button--primary button--size-auto\" rel=\"nofollow noopener\" target=\"_blank\"> Kommenteeri <\/a><a href=\"https:\/\/kroonika.delfi.ee\/artikkel\/120593777\/sari-pole-laste-meelelahutus-vaid-venemaa-tooriist-netflix-sai-oiguse-naidata-lastesarja-masa-ja-karu-ule-sajas-riigis\/kommentaarid\" class=\"article-body-bottom__comment article-body-bottom__comment--read button button--size-auto\" rel=\"nofollow noopener\" target=\"_blank\"> Loe kommentaare (5)<\/a><\/p>\n","protected":false},"excerpt":{"rendered":"Netflixi otsus \u201eMa\u0161a ja karu\u201c levitamislitsentsi pikendada tekitas Ukrainas kriitikat. Ukraina desinformatsiooni vastu v\u00f5itlemise keskus p\u00f6\u00f6rab t\u00e4helepanu sellele,&hellip;\n","protected":false},"author":2,"featured_media":216071,"comment_status":"","ping_status":"","sticky":false,"template":"","format":"standard","meta":{"footnotes":"","_share_on_mastodon":"0"},"categories":[80],"tags":[26,27,37,33,35,34,36,31,32,21,28,29,95,1131,8577,19,25,23,24,22,20,7448,30,92,93,94],"class_list":["post-216070","post","type-post","status-publish","format-standard","has-post-thumbnail","category-maailm","tag-breaking-news","tag-breakingnews","tag-ee","tag-eesti","tag-eesti-keel","tag-estonia","tag-estonian","tag-featured-news","tag-featurednews","tag-headlines","tag-latest-news","tag-latestnews","tag-maailm","tag-margus-tsahkna","tag-netflix","tag-news","tag-populaarseimad-lood","tag-top-stories","tag-topstories","tag-uldised-uudised","tag-uudised","tag-vene-propaganda","tag-viimased-uudised","tag-world","tag-world-news","tag-worldnews"],"share_on_mastodon":{"url":"https:\/\/pubeurope.com\/@ee\/116832735552152380","error":""},"_links":{"self":[{"href":"https:\/\/www.europesays.com\/ee\/wp-json\/wp\/v2\/posts\/216070","targetHints":{"allow":["GET"]}}],"collection":[{"href":"https:\/\/www.europesays.com\/ee\/wp-json\/wp\/v2\/posts"}],"about":[{"href":"https:\/\/www.europesays.com\/ee\/wp-json\/wp\/v2\/types\/post"}],"author":[{"embeddable":true,"href":"https:\/\/www.europesays.com\/ee\/wp-json\/wp\/v2\/users\/2"}],"replies":[{"embeddable":true,"href":"https:\/\/www.europesays.com\/ee\/wp-json\/wp\/v2\/comments?post=216070"}],"version-history":[{"count":0,"href":"https:\/\/www.europesays.com\/ee\/wp-json\/wp\/v2\/posts\/216070\/revisions"}],"wp:featuredmedia":[{"embeddable":true,"href":"https:\/\/www.europesays.com\/ee\/wp-json\/wp\/v2\/media\/216071"}],"wp:attachment":[{"href":"https:\/\/www.europesays.com\/ee\/wp-json\/wp\/v2\/media?parent=216070"}],"wp:term":[{"taxonomy":"category","embeddable":true,"href":"https:\/\/www.europesays.com\/ee\/wp-json\/wp\/v2\/categories?post=216070"},{"taxonomy":"post_tag","embeddable":true,"href":"https:\/\/www.europesays.com\/ee\/wp-json\/wp\/v2\/tags?post=216070"}],"curies":[{"name":"wp","href":"https:\/\/api.w.org\/{rel}","templated":true}]}}