{"id":216109,"date":"2026-06-29T10:21:07","date_gmt":"2026-06-29T10:21:07","guid":{"rendered":"https:\/\/www.europesays.com\/ee\/216109\/"},"modified":"2026-06-29T10:21:07","modified_gmt":"2026-06-29T10:21:07","slug":"jk-sarma-seeriajooksus-joosti-800-m","status":"publish","type":"post","link":"https:\/\/www.europesays.com\/ee\/216109\/","title":{"rendered":"JK Sarma seeriajooksus joosti 800 m"},"content":{"rendered":"<p class=\"MsoNormal\">Mehed: 1 Kevin Laanekivi (SK Linda) 2.04,0, 2. Marek Truumaa (Treeningpartner)) 2.13,3, 3. Marko Elli (JK Sarma) 2.21,8<\/p>\n<p class=\"MsoNormal\">Mehed 40: 1. Reimo Leiger (Telimer Grupp O\u00dc) 2.16,6, 2. Indrek Matt (SK Linda) 2.36,2, 3. Jaan \u00d5un (SK T\u00e4ppsportlased) 2.40,1<\/p>\n<p class=\"MsoNormal\">Naised: 1. Kirte Katrin Sarevet (Treeningpartner) 2.26,6, 2. Eliise Luks (Rapla JK) 2.35,2, 3. Liina Tabri (SK Linda) 2.36,8<\/p>\n<p class=\"MsoNormal\">Noormehed 14-17: 1. Johann Viktor Vits (SK Linda) 2.14,7, 2. Marten Aulik (SK Linda) 2.16,5, 3. Trevon Leiger (Nooruse kool) 2.21,3<\/p>\n<p class=\"MsoNormal\">Neiud 14-17: 1. Laureen Valdmets (Nooruse kool) 2.40,8, 2. Teneli Kaljo (Nooruse kool) 2.47,7<\/p>\n<p class=\"MsoNormal\">Poisid -13.a.: 1. Henriko Gregor M\u00e4gi (Nooruse kool) 2.24,9. 2. Filipp Viktor Vits (SK Linda) 2.37,4, 3. Hendriko Roger Luptov (Nooruse kool) 2.44,8<\/p>\n<p class=\"MsoNormal\">T\u00fcdrukud -13.a.: 1. Mia Papp (N\u00f5mme Erakool) 3.31,6, 2. Luisa Tabri (Leisi kool\/SK Linda) 3.39,7, 3. Roseta Levisto (Pargi LA) 4.35,4.<\/p>\n<p class=\"MsoNormal\">Seeriajooksude j\u00e4rgmine etapp 13.juulil algusega kl 18, 1000 m.<\/p>\n","protected":false},"excerpt":{"rendered":"Mehed: 1 Kevin Laanekivi (SK Linda) 2.04,0, 2. Marek Truumaa (Treeningpartner)) 2.13,3, 3. Marko Elli (JK Sarma) 2.21,8&hellip;\n","protected":false},"author":2,"featured_media":216110,"comment_status":"","ping_status":"","sticky":false,"template":"","format":"standard","meta":{"footnotes":"","_share_on_mastodon":"0"},"categories":[18],"tags":[52743,88472,88465,37,33,35,34,36,88463,88466,88464,88469,88468,87101,88470,88467,43944,88471,159,158,87110,87104],"class_list":["post-216109","post","type-post","status-publish","format-standard","has-post-thumbnail","category-sport","tag-1000-m","tag-13-juuli","tag-800-m","tag-ee","tag-eesti","tag-eesti-keel","tag-estonia","tag-estonian","tag-jk-sarma-seeriajooks","tag-jooksuvoistlus","tag-kuressaare-staadion","tag-leisi-kool-sk-linda","tag-nomme-erakool","tag-nooruse-kool","tag-pargi-la","tag-rapla-jk","tag-sk-linda","tag-sk-tappsportlased","tag-sport","tag-sports","tag-telimer-grupp-ou","tag-treeningpartner"],"share_on_mastodon":{"url":"https:\/\/pubeurope.com\/@ee\/116832900522711424","error":""},"_links":{"self":[{"href":"https:\/\/www.europesays.com\/ee\/wp-json\/wp\/v2\/posts\/216109","targetHints":{"allow":["GET"]}}],"collection":[{"href":"https:\/\/www.europesays.com\/ee\/wp-json\/wp\/v2\/posts"}],"about":[{"href":"https:\/\/www.europesays.com\/ee\/wp-json\/wp\/v2\/types\/post"}],"author":[{"embeddable":true,"href":"https:\/\/www.europesays.com\/ee\/wp-json\/wp\/v2\/users\/2"}],"replies":[{"embeddable":true,"href":"https:\/\/www.europesays.com\/ee\/wp-json\/wp\/v2\/comments?post=216109"}],"version-history":[{"count":0,"href":"https:\/\/www.europesays.com\/ee\/wp-json\/wp\/v2\/posts\/216109\/revisions"}],"wp:featuredmedia":[{"embeddable":true,"href":"https:\/\/www.europesays.com\/ee\/wp-json\/wp\/v2\/media\/216110"}],"wp:attachment":[{"href":"https:\/\/www.europesays.com\/ee\/wp-json\/wp\/v2\/media?parent=216109"}],"wp:term":[{"taxonomy":"category","embeddable":true,"href":"https:\/\/www.europesays.com\/ee\/wp-json\/wp\/v2\/categories?post=216109"},{"taxonomy":"post_tag","embeddable":true,"href":"https:\/\/www.europesays.com\/ee\/wp-json\/wp\/v2\/tags?post=216109"}],"curies":[{"name":"wp","href":"https:\/\/api.w.org\/{rel}","templated":true}]}}