{"id":216133,"date":"2026-06-29T10:44:10","date_gmt":"2026-06-29T10:44:10","guid":{"rendered":"https:\/\/www.europesays.com\/ee\/216133\/"},"modified":"2026-06-29T10:44:10","modified_gmt":"2026-06-29T10:44:10","slug":"elenger-investeerib-poola-60-miljonit-eurot","status":"publish","type":"post","link":"https:\/\/www.europesays.com\/ee\/216133\/","title":{"rendered":"Elenger investeerib Poola 60 miljonit eurot"},"content":{"rendered":"<p>\u201eJ\u00e4tkame oma rahvusvahelise \u00e4ri laiendamist ning positsioonide kindlustamist Euroopa \u00fche suurima majanduskasvuga riigis Poolas. Poolteist aastat tagasi ostsime 112 miljoni euro eest Poolas maagaasi jaotusv\u00f5rgu, n\u00fc\u00fcd j\u00e4rgmise sammuna soovime gaasi\u00e4ri Poolas tugevdada ja laiendada,\u201c m\u00e4rkis Elenger Grupi juhatuse esimees <a rel=\"noopener nofollow\" target=\"_blank\" href=\"https:\/\/www.delfi.ee\/teema\/65170114\/margus-kaasik\" tag-id=\"65170114\">Margus Kaasik<\/a>. <\/p>\n<p class=\"x_MsoNormal\">\u201ePoola ettev\u00f5tte omandamisega kasvatasime oma \u00e4ritegevust gaasim\u00fc\u00fcgi ja jaotusteenuste valdkonnas, kasutades \u00e4ra Poola gaasituru potentsiaali. M\u00f6\u00f6dunud aasta tulemused kinnitavad, et tegime \u00f5igeid otsuseid. Lisaks gaasi m\u00fc\u00fcgile ja jaotamisele, vaatame n\u00fc\u00fcd Poolas kohapeal ka gaasi tootmisse ehk taastuvenergiasse investeerimise v\u00f5imalusi,\u201c lausus Kaasik.<\/p>\n<p class=\"x_MsoNormal\">\u201eEestis oleme kasvanud suurimaks rohegaasi tootjaks \u2013 oleme ehitanud gaasijaamad mitme piimafarmi k\u00f5rvale. Eesti taastuvenergia kogemust, kus s\u00f5nnikust toodetud t\u00e4ielikult kohalikku p\u00e4ritolu gaas moodustab peagi tarbimisest juba 15%, on v\u00f5imalik ka Poola turule viia,\u201c s\u00f5nas Kaasik.  <\/p>\n<p class=\"x_MsoNormal\">Elenger Polska on suuruselt teine erakapitalil v\u00f5rguoperaator Poolas, ettev\u00f5te haldab 2316 km pikkust maagaasi jaotusv\u00f5rku ning teenindab enam kui 25 000 klienti. Lisaks infrastruktuuri haldamisele tegeleb ettev\u00f5te maagaasi ja elektrienergia m\u00fc\u00fcgiga. <\/p>\n<p class=\"x_MsoNormal\">Elenger tegutseb kogu energia v\u00e4\u00e4rtusahelas \u2013 alates kaubandusest ja tootmisest kuni l\u00f5pptarbijani j\u00f5udmiseni. Ettev\u00f5ttel on \u00fcle 450 000 kliendi ning grupis t\u00f6\u00f6tab rohkem kui 1000 inimest.<\/p>\n<p class=\"x_MsoNormal\">Elenger pakub klientidele L\u00e4\u00e4ne p\u00e4ritolu maagaasi ja taastuvat biometaani ning haldab gaasiv\u00f5rke Eestis, L\u00e4tis ja Poolas kogupikkusega 9000 km. Ettev\u00f5te m\u00fc\u00fcb ka elektrit, sealhulgas oma p\u00e4ikeseparkides toodetud roheelektrit. Ettev\u00f5te tegeleb aktiivselt rahvusvahelise energiakaubandusega. Elengeri omanik on investeerimisettev\u00f5te Infortar, mis on noteeritud Nasdaq Tallinna Balti p\u00f5hinimekirjas.<\/p>\n<p>Kuidas see lugu Sind end tundma pani? Saada <a href=\"https:\/\/arileht.delfi.ee\/a\/120593855\/elenger-investeerib-poola-60-miljonit-eurot\/kommentaarid\" class=\"article-body-bottom__comment article-body-bottom__comment--write button button--primary button--size-auto\" rel=\"nofollow noopener\" target=\"_blank\"> Kommenteeri <\/a><a href=\"https:\/\/arileht.delfi.ee\/a\/120593855\/elenger-investeerib-poola-60-miljonit-eurot\/kommentaarid\" class=\"article-body-bottom__comment article-body-bottom__comment--read button button--size-auto\" rel=\"nofollow noopener\" target=\"_blank\"> Loe kommentaare <\/a><\/p>\n","protected":false},"excerpt":{"rendered":"\u201eJ\u00e4tkame oma rahvusvahelise \u00e4ri laiendamist ning positsioonide kindlustamist Euroopa \u00fche suurima majanduskasvuga riigis Poolas. Poolteist aastat tagasi ostsime&hellip;\n","protected":false},"author":2,"featured_media":216134,"comment_status":"","ping_status":"","sticky":false,"template":"","format":"standard","meta":{"footnotes":"","_share_on_mastodon":"0"},"categories":[14],"tags":[131,130,37,33,35,7380,34,36,7376,14017,780,25607],"class_list":["post-216133","post","type-post","status-publish","format-standard","has-post-thumbnail","category-ari","tag-ari","tag-business","tag-ee","tag-eesti","tag-eesti-keel","tag-elenger","tag-estonia","tag-estonian","tag-gaas","tag-infortar","tag-investeerimine","tag-margus-kaasik"],"share_on_mastodon":{"url":"https:\/\/pubeurope.com\/@ee\/116832990839407013","error":""},"_links":{"self":[{"href":"https:\/\/www.europesays.com\/ee\/wp-json\/wp\/v2\/posts\/216133","targetHints":{"allow":["GET"]}}],"collection":[{"href":"https:\/\/www.europesays.com\/ee\/wp-json\/wp\/v2\/posts"}],"about":[{"href":"https:\/\/www.europesays.com\/ee\/wp-json\/wp\/v2\/types\/post"}],"author":[{"embeddable":true,"href":"https:\/\/www.europesays.com\/ee\/wp-json\/wp\/v2\/users\/2"}],"replies":[{"embeddable":true,"href":"https:\/\/www.europesays.com\/ee\/wp-json\/wp\/v2\/comments?post=216133"}],"version-history":[{"count":0,"href":"https:\/\/www.europesays.com\/ee\/wp-json\/wp\/v2\/posts\/216133\/revisions"}],"wp:featuredmedia":[{"embeddable":true,"href":"https:\/\/www.europesays.com\/ee\/wp-json\/wp\/v2\/media\/216134"}],"wp:attachment":[{"href":"https:\/\/www.europesays.com\/ee\/wp-json\/wp\/v2\/media?parent=216133"}],"wp:term":[{"taxonomy":"category","embeddable":true,"href":"https:\/\/www.europesays.com\/ee\/wp-json\/wp\/v2\/categories?post=216133"},{"taxonomy":"post_tag","embeddable":true,"href":"https:\/\/www.europesays.com\/ee\/wp-json\/wp\/v2\/tags?post=216133"}],"curies":[{"name":"wp","href":"https:\/\/api.w.org\/{rel}","templated":true}]}}