{"id":216173,"date":"2026-06-29T11:18:07","date_gmt":"2026-06-29T11:18:07","guid":{"rendered":"https:\/\/www.europesays.com\/ee\/216173\/"},"modified":"2026-06-29T11:18:07","modified_gmt":"2026-06-29T11:18:07","slug":"fotod-narva-piiripunktis-ootab-jarjekorras-mitusada-inimest-piiripunkti-juht-see-on-kestnud-ule-kahe-aasta","status":"publish","type":"post","link":"https:\/\/www.europesays.com\/ee\/216173\/","title":{"rendered":"FOTOD | Narva piiripunktis ootab j\u00e4rjekorras mitusada inimest. Piiripunkti juht: see on kestnud \u00fcle kahe aasta"},"content":{"rendered":"<p>M\u00f6\u00f6dunud n\u00e4dalal laekus toimetusele vihje, et <a rel=\"noopener nofollow\" target=\"_blank\" href=\"https:\/\/www.delfi.ee\/teema\/65485476\/narva-piiripunkt\" tag-id=\"65485476\">Narva piiripunktis<\/a> lookleb v\u00e4ga pikk j\u00e4rjekord inimestest, kes soovivad Venemaale p\u00e4\u00e4seda. Ka t\u00e4na hommikul ootas j\u00e4rjekorras mitusada inimest. <\/p>\n<p>Narva piiripunkti juhi Antti Eensalu s\u00f5nul on olukord tavap\u00e4rane. Ta \u00fctles, et hommikuti ootab Narvas piiri\u00fcletust umbes 300 inimest ning nii on olnud juba \u00fcle kahe aasta.<\/p>\n<p>\u201eJ\u00e4rjekord on olnud p\u00fcsivalt, see pole tekkinud \u00fcle\u00f6\u00f6. Piiril on (pikk \u2013 J.L.) j\u00e4rjekord olnud alates hetkest, kui Venemaa sulges v\u00f5imaluse \u00fcletada piiri transpordivahenditega (1. veebruaril 2024 \u2013 J.L.). See pole mingi uus teema,\u201c \u00fctles Eensalu.<\/p>\n<p>P\u00fchap\u00e4eval kirjutas Narva piiripunkti pikkadest j\u00e4rjekordadest ka <a rel=\"noopener follow nofollow\" target=\"_blank\" href=\"https:\/\/rus.delfi.ee\/statja\/120593621\/foto-i-video-noch-v-ocheredi-na-narvskoy-granice-poyavilis-palatki\" data-rel-date-range=\"[]\">Rus.Delfi<\/a>. Seda ajendatuna muudatusest, millega l\u00e4ks Narva piiripunkt 15. juunil \u00fcle 12-tunnisele t\u00f6\u00f6ajale. Kui varem sai piiri \u00fcletada kuni kella 23.00-ni, siis n\u00fc\u00fcd on piiripunkt avatud vaid kella 19.00-ni.<\/p>\n<p>Rus.Delfi lugeja jagas toimetusega pilte olukorrast piiripunktis. Sealt oli n\u00e4ha, et inimesed, kes p\u00e4eva jooksul \u00fcle piiri ei saanud, olid sunnitud \u00f6\u00f6 Narvas veetma, m\u00f5ned neist \u00f6\u00f6bisid telgis.<\/p>\n<p>Kuidas see lugu Sind end tundma pani? Saada <a href=\"https:\/\/www.delfi.ee\/artikkel\/120593792\/fotod-narva-piiripunktis-ootab-jarjekorras-mitusada-inimest-piiripunkti-juht-see-on-kestnud-ule-kahe-aasta\/kommentaarid\" class=\"article-body-bottom__comment article-body-bottom__comment--write button button--primary button--size-auto\" rel=\"nofollow noopener\" target=\"_blank\"> Kommenteeri <\/a><a href=\"https:\/\/www.delfi.ee\/artikkel\/120593792\/fotod-narva-piiripunktis-ootab-jarjekorras-mitusada-inimest-piiripunkti-juht-see-on-kestnud-ule-kahe-aasta\/kommentaarid\" class=\"article-body-bottom__comment article-body-bottom__comment--read button button--size-auto\" rel=\"nofollow noopener\" target=\"_blank\"> Loe kommentaare (7)<\/a><\/p>\n","protected":false},"excerpt":{"rendered":"M\u00f6\u00f6dunud n\u00e4dalal laekus toimetusele vihje, et Narva piiripunktis lookleb v\u00e4ga pikk j\u00e4rjekord inimestest, kes soovivad Venemaale p\u00e4\u00e4seda. Ka&hellip;\n","protected":false},"author":2,"featured_media":216174,"comment_status":"","ping_status":"","sticky":false,"template":"","format":"standard","meta":{"footnotes":"","_share_on_mastodon":"0"},"categories":[80],"tags":[26,27,37,33,35,34,36,31,32,21,28,29,95,2521,35720,19,6861,25,23,24,22,20,30,92,93,94],"class_list":["post-216173","post","type-post","status-publish","format-standard","has-post-thumbnail","category-maailm","tag-breaking-news","tag-breakingnews","tag-ee","tag-eesti","tag-eesti-keel","tag-estonia","tag-estonian","tag-featured-news","tag-featurednews","tag-headlines","tag-latest-news","tag-latestnews","tag-maailm","tag-narva","tag-narva-piiripunkt","tag-news","tag-piiripunkt","tag-populaarseimad-lood","tag-top-stories","tag-topstories","tag-uldised-uudised","tag-uudised","tag-viimased-uudised","tag-world","tag-world-news","tag-worldnews"],"share_on_mastodon":{"url":"","error":""},"_links":{"self":[{"href":"https:\/\/www.europesays.com\/ee\/wp-json\/wp\/v2\/posts\/216173","targetHints":{"allow":["GET"]}}],"collection":[{"href":"https:\/\/www.europesays.com\/ee\/wp-json\/wp\/v2\/posts"}],"about":[{"href":"https:\/\/www.europesays.com\/ee\/wp-json\/wp\/v2\/types\/post"}],"author":[{"embeddable":true,"href":"https:\/\/www.europesays.com\/ee\/wp-json\/wp\/v2\/users\/2"}],"replies":[{"embeddable":true,"href":"https:\/\/www.europesays.com\/ee\/wp-json\/wp\/v2\/comments?post=216173"}],"version-history":[{"count":0,"href":"https:\/\/www.europesays.com\/ee\/wp-json\/wp\/v2\/posts\/216173\/revisions"}],"wp:featuredmedia":[{"embeddable":true,"href":"https:\/\/www.europesays.com\/ee\/wp-json\/wp\/v2\/media\/216174"}],"wp:attachment":[{"href":"https:\/\/www.europesays.com\/ee\/wp-json\/wp\/v2\/media?parent=216173"}],"wp:term":[{"taxonomy":"category","embeddable":true,"href":"https:\/\/www.europesays.com\/ee\/wp-json\/wp\/v2\/categories?post=216173"},{"taxonomy":"post_tag","embeddable":true,"href":"https:\/\/www.europesays.com\/ee\/wp-json\/wp\/v2\/tags?post=216173"}],"curies":[{"name":"wp","href":"https:\/\/api.w.org\/{rel}","templated":true}]}}