{"id":216181,"date":"2026-06-29T11:26:07","date_gmt":"2026-06-29T11:26:07","guid":{"rendered":"https:\/\/www.europesays.com\/ee\/216181\/"},"modified":"2026-06-29T11:26:07","modified_gmt":"2026-06-29T11:26:07","slug":"uus-rahvusvaheline-muusikafestival-tartu-punch-stardib-juba-sel-nadalal","status":"publish","type":"post","link":"https:\/\/www.europesays.com\/ee\/216181\/","title":{"rendered":"Uus rahvusvaheline muusikafestival Tartu Punch stardib juba sel n\u00e4dalal"},"content":{"rendered":"<p>Tartu Punchi peakorraldaja Tarmo Sikk usub, et Tartul on k\u00f5ik eeldused kujuneda \u00fcheks P\u00f5hja-Euroopa p\u00f5nevamaks muusikalinnaks. \u00abTartu Punchi eesm\u00e4rk on tuua Tartusse artiste, keda tavaliselt kohtab Euroopa suurfestivalide lavadel, ning luua n\u00e4dalavahetus, kus terve linn hingab muusika r\u00fctmis. Esimese festivali eel on elevus suur ja teeme k\u00f5ik selleks, et k\u00fclastajad lahkuksid siit sooviga j\u00e4rgmisel aastal tagasi tulla,\u00bb \u00fctleb Sikk.<\/p>\n<p>Tartu linnapea Urmas Klaasi s\u00f5nul on uue muusikafestivali tulek Tartusse v\u00e4ga oodatud. \u00abTartu Punch toob meile koju k\u00e4tte kvaliteetse ja rahvusvahelise muusikaprogrammi, mis muudab Tartu suvise kultuurikalendri veelgi atraktiivsemaks. Loodetavasti on sellel festivalil pikk ja p\u00f5nev tulevik.\u00bb<\/p>\n<p>M\u00f5lema festivalip\u00e4eva avab linnaruumiprogramm live-esinemistega Tartu linna eri paikades. Reede keskp\u00e4eval annab Alexela Loomelava esisel promenaadil kontserdi alternatiivse elektroonilise indie-popi ansambel su\/mi, kell 13.30 saab aga Tartu \u00dclikooli peahoone sammaste vahel kuulata Eesti elektroonilise popi artisti heleenyum. Laup\u00e4eval kell 10.30 astub Barclay platsil \u00fcles silmapaistev muusik S\u00e4de Semper ja kell 13.30 Araukaaria ning kell 12 Koidula platsil Beer Gardens.<\/p>\n<p>P\u00f5hiprogrammi kontsertide k\u00f5rval toimuvad Piletitasku jutualal vestlused, kus r\u00e4\u00e4gitakse muusikat\u00f6\u00f6stuse telgitagustest, festivalikultuurist, \u00f6\u00f6elust ja Tartu kultuurielu tulevikust. Arutelusid juhivad muusikaettev\u00f5tja Reigo Ahven, Jazzkaare tegevjuht Eva Saar, ERRi ajakirjanik Anett Peel ja Tartu linna kultuurivaldkonna juht Kristiina Avik.<\/p>\n<p>Kahe p\u00e4eva jooksul astuvad festivali lavadele kokku 31 artisti ja DJ-d.<\/p>\n<p>Rahvusvahelistest muusikutest esinevad Rootsi post-pungi sensatsioon Viagra Boys, Prantsuse elektroonilise muusika fenomen Mezerg, Brit Awards Critics&#8217; Choice&#8217;i v\u00f5itja Jack Garratt (Suurbritannia), Baxter Dury (Suurbritannia), Oscar Jerome (Suurbritannia), Yin Yin (Holland), Pearly Drops (Soome), Adult DVD (Suurbritannia), juni (Itaalia), Rick Feds (L\u00e4ti) ja Eklektika (L\u00e4ti).<br \/>Eesti artistidest astuvad \u00fcles Tommy Cash, Rita Ray koos keelpilliorkestri ja erik\u00fclalise Vaiko Eplikuga, Night Tapes (Eesti\/Suurbritannia), Holy Motors, Frankie Animal, EiK, maria kallastu, SADU, Yasmyn, Fonda, G\u00d8K2 (Eesti\/T\u00fcrgi) ja Mihkel Kuusk.<\/p>\n<p>Oma ainsa suvise \u00fcleastumise teeb Tartu Punchil HU?.<br \/>Artistid astuvad \u00fcles kolmel laval \u2013 Punch Club pealaval, Paavli.Live laval ning Red Bull DJ laval. Lisaks on festivalil noortepealinn Tartu ala, toidu- ja joogiala ning muudki.Festivali v\u00e4ravad avatakse m\u00f5lemal p\u00e4eval kell 14 ning programm kestab s\u00fcda\u00f6\u00f6ni.<\/p>\n<p>Vaata festivali ajakava: <a target=\"_blank\" rel=\"noopener noreferrer nofollow\" href=\"https:\/\/tartupunch.com\/et\/avaleht-eesti\/#programm\">https:\/\/tartupunch.com\/et\/avaleht-eesti\/#programm<\/a><\/p>\n<p>P\u00e4rast kontserte toimuvad ametlikud j\u00e4relpeod Vallikraavis, l\u00e4bi kahe korruse Shootersi klubis ning Vilde ja Vines.<br \/>Festivali-, p\u00e4eva-, noorte- ja lastepassid on m\u00fc\u00fcgil Piletitaskus.<\/p>\n<p>S\u00fcndmust toetab Tartu linn.<\/p>\n","protected":false},"excerpt":{"rendered":"Tartu Punchi peakorraldaja Tarmo Sikk usub, et Tartul on k\u00f5ik eeldused kujuneda \u00fcheks P\u00f5hja-Euroopa p\u00f5nevamaks muusikalinnaks. \u00abTartu Punchi&hellip;\n","protected":false},"author":2,"featured_media":216182,"comment_status":"","ping_status":"","sticky":false,"template":"","format":"standard","meta":{"footnotes":"","_share_on_mastodon":"0"},"categories":[16],"tags":[88488,37,33,35,173,34,36,7822,88492,88487,12740,140,80071,20009,4403,88489,76371,88490,47647,23438,86427,249,17451,73943,55870,242,88491,72695],"class_list":["post-216181","post","type-post","status-publish","format-standard","has-post-thumbnail","category-meelelahutus","tag-baxter-dury","tag-ee","tag-eesti","tag-eesti-keel","tag-entertainment","tag-estonia","tag-estonian","tag-frankie-animal","tag-holy-motors","tag-jack-garratt","tag-jazzkaar","tag-meelelahutus","tag-mezerg","tag-muusikafestival","tag-night-tapes","tag-oscar-jerome","tag-piletitasku","tag-red-bull-dj-lava","tag-reigo-ahven","tag-rita-ray","tag-shooters","tag-tartu","tag-tartu-laululava","tag-tartu-linnapea-urmas-klaas","tag-tartu-punch","tag-tommy-cash","tag-vallikraav","tag-viagra-boys"],"share_on_mastodon":{"url":"https:\/\/pubeurope.com\/@ee\/116833156277523663","error":""},"_links":{"self":[{"href":"https:\/\/www.europesays.com\/ee\/wp-json\/wp\/v2\/posts\/216181","targetHints":{"allow":["GET"]}}],"collection":[{"href":"https:\/\/www.europesays.com\/ee\/wp-json\/wp\/v2\/posts"}],"about":[{"href":"https:\/\/www.europesays.com\/ee\/wp-json\/wp\/v2\/types\/post"}],"author":[{"embeddable":true,"href":"https:\/\/www.europesays.com\/ee\/wp-json\/wp\/v2\/users\/2"}],"replies":[{"embeddable":true,"href":"https:\/\/www.europesays.com\/ee\/wp-json\/wp\/v2\/comments?post=216181"}],"version-history":[{"count":0,"href":"https:\/\/www.europesays.com\/ee\/wp-json\/wp\/v2\/posts\/216181\/revisions"}],"wp:featuredmedia":[{"embeddable":true,"href":"https:\/\/www.europesays.com\/ee\/wp-json\/wp\/v2\/media\/216182"}],"wp:attachment":[{"href":"https:\/\/www.europesays.com\/ee\/wp-json\/wp\/v2\/media?parent=216181"}],"wp:term":[{"taxonomy":"category","embeddable":true,"href":"https:\/\/www.europesays.com\/ee\/wp-json\/wp\/v2\/categories?post=216181"},{"taxonomy":"post_tag","embeddable":true,"href":"https:\/\/www.europesays.com\/ee\/wp-json\/wp\/v2\/tags?post=216181"}],"curies":[{"name":"wp","href":"https:\/\/api.w.org\/{rel}","templated":true}]}}