{"id":216197,"date":"2026-06-29T11:39:27","date_gmt":"2026-06-29T11:39:27","guid":{"rendered":"https:\/\/www.europesays.com\/ee\/216197\/"},"modified":"2026-06-29T11:39:27","modified_gmt":"2026-06-29T11:39:27","slug":"apollo-grupp-toob-eestisse-globaalse-kaubamargi-krispy-kreme-avamisel-oodatakse-jarjekorda-2","status":"publish","type":"post","link":"https:\/\/www.europesays.com\/ee\/216197\/","title":{"rendered":"Apollo Grupp toob Eestisse globaalse kaubam\u00e4rgi Krispy Kreme. Avamisel oodatakse j\u00e4rjekorda"},"content":{"rendered":"<p>Krispy Kreme on r\u00f5\u00f5mustanud f\u00e4nne \u00fcle maailma peaaegu 90 aastat. Apollo Groupi juhi <a rel=\"noopener nofollow\" target=\"_blank\" href=\"https:\/\/www.delfi.ee\/teema\/56500080\/toomas-tiivel\" tag-id=\"56500080\">Toomas Tiiveli<\/a> s\u00f5nul on Eesti tarbijad avatud uutele rahvusvahelistele toidukontseptsioonidele, mist\u00f5ttu on Krispy Kreme hea t\u00e4iendus ettev\u00f5tte kasvavas portfellis.<\/p>\n<p>\u201eEesti inimesed hindavad kvaliteetseid, meeldej\u00e4\u00e4vaid ja taskukohaseid elamusi. Krispy Kreme s\u00f5\u00f5rikud on tuntud \u00fcle maailma oma v\u00e4rskuse ja mitmekesise valiku poolest ning oleme p\u00f5nevil, et saame tuua need elamused ka Eestisse. Tegemist on br\u00e4ndiga, mis on saanud osaks popkultuurist ning on meile tuttav paljudest filmidest ja sarjadest, mida eestlased teavad ja hindavad,\u201c \u00fctles Tiivel.<\/p>\n<p>Apollo Groupi eesm\u00e4rk on pakkuda sama autentset Krispy Kreme kogemust, mis on v\u00f5itnud f\u00e4nne \u00fcle maailma. Paljudes linnades on Krispy Kreme\u2019i avamised toonud kohale rahvahulki ning inimesed on seisnud j\u00e4rjekorras, et olla esimeste seas, kes saavad nautida kuumi ja v\u00e4rskeid s\u00f5\u00f5rikuid. Sarnast elevust v\u00f5ib oodata ka Eestis. <\/p>\n<p>Esimene Krispy Kreme avatakse Tallinna kesklinnas, t\u00e4pne asukoht ja avamiskuup\u00e4ev avalikustatakse juba l\u00e4hikuudel.<\/p>\n<p>\u201eKuigi s\u00f5\u00f5rikuid leiab siin juba mitmetest kohvikutest ja pagarikodadest, pakub Krispy Kreme t\u00e4iesti teistsugust ja unikaalset kogemust. Meie esimene asukoht Tallinnas t\u00e4histab teekonna algust, millega plaanime Krispy Kreme\u2019i br\u00e4ndi laiendada l\u00e4hiaastatel juba \u00fcle kogu Baltikumi,\u201c s\u00f5nas Tiivel.<\/p>\n<p>MM Gruppi kuuluv Apollo Group on asutatud 2000. aastal ning toidukohtadest kuuluvad sinna Blender, Ice Cafe, Vapiano, KFC, Lido, MySushi, CanCan ja Delano.<\/p>\n<p>Kuidas see lugu Sind end tundma pani? Saada <a href=\"https:\/\/arileht.delfi.ee\/a\/120593728\/apollo-grupp-toob-eestisse-globaalse-kaubamargi-krispy-kreme-avamisel-oodatakse-jarjekorda\/kommentaarid\" class=\"article-body-bottom__comment article-body-bottom__comment--write button button--primary button--size-auto\" rel=\"nofollow noopener\" target=\"_blank\"> Kommenteeri <\/a><a href=\"https:\/\/arileht.delfi.ee\/a\/120593728\/apollo-grupp-toob-eestisse-globaalse-kaubamargi-krispy-kreme-avamisel-oodatakse-jarjekorda\/kommentaarid\" class=\"article-body-bottom__comment article-body-bottom__comment--read button button--size-auto\" rel=\"nofollow noopener\" target=\"_blank\"> Loe kommentaare (21)<\/a><\/p>\n","protected":false},"excerpt":{"rendered":"Krispy Kreme on r\u00f5\u00f5mustanud f\u00e4nne \u00fcle maailma peaaegu 90 aastat. Apollo Groupi juhi Toomas Tiiveli s\u00f5nul on Eesti&hellip;\n","protected":false},"author":2,"featured_media":215906,"comment_status":"","ping_status":"","sticky":false,"template":"","format":"standard","meta":{"footnotes":"","_share_on_mastodon":"0"},"categories":[14],"tags":[56646,131,130,37,33,35,34,36,50925],"class_list":["post-216197","post","type-post","status-publish","format-standard","has-post-thumbnail","category-ari","tag-apollo-grupp","tag-ari","tag-business","tag-ee","tag-eesti","tag-eesti-keel","tag-estonia","tag-estonian","tag-toomas-tiivel"],"share_on_mastodon":{"url":"https:\/\/pubeurope.com\/@ee\/116833207209279520","error":""},"_links":{"self":[{"href":"https:\/\/www.europesays.com\/ee\/wp-json\/wp\/v2\/posts\/216197","targetHints":{"allow":["GET"]}}],"collection":[{"href":"https:\/\/www.europesays.com\/ee\/wp-json\/wp\/v2\/posts"}],"about":[{"href":"https:\/\/www.europesays.com\/ee\/wp-json\/wp\/v2\/types\/post"}],"author":[{"embeddable":true,"href":"https:\/\/www.europesays.com\/ee\/wp-json\/wp\/v2\/users\/2"}],"replies":[{"embeddable":true,"href":"https:\/\/www.europesays.com\/ee\/wp-json\/wp\/v2\/comments?post=216197"}],"version-history":[{"count":0,"href":"https:\/\/www.europesays.com\/ee\/wp-json\/wp\/v2\/posts\/216197\/revisions"}],"wp:featuredmedia":[{"embeddable":true,"href":"https:\/\/www.europesays.com\/ee\/wp-json\/wp\/v2\/media\/215906"}],"wp:attachment":[{"href":"https:\/\/www.europesays.com\/ee\/wp-json\/wp\/v2\/media?parent=216197"}],"wp:term":[{"taxonomy":"category","embeddable":true,"href":"https:\/\/www.europesays.com\/ee\/wp-json\/wp\/v2\/categories?post=216197"},{"taxonomy":"post_tag","embeddable":true,"href":"https:\/\/www.europesays.com\/ee\/wp-json\/wp\/v2\/tags?post=216197"}],"curies":[{"name":"wp","href":"https:\/\/api.w.org\/{rel}","templated":true}]}}