{"id":216294,"date":"2026-06-29T13:10:29","date_gmt":"2026-06-29T13:10:29","guid":{"rendered":"https:\/\/www.europesays.com\/ee\/216294\/"},"modified":"2026-06-29T13:10:29","modified_gmt":"2026-06-29T13:10:29","slug":"intervjuu-%e2%9f%a9-usa-energiajulgeoleku-ekspert-venemaa-kombib-pinda-ka-transatlantiliste-kaablite-juures","status":"publish","type":"post","link":"https:\/\/www.europesays.com\/ee\/216294\/","title":{"rendered":"INTERVJUU \u27e9 USA energiajulgeoleku ekspert: Venemaa kombib pinda ka transatlantiliste kaablite juures"},"content":{"rendered":"<p>Kriitilise t\u00e4htsusega taristu vastu suunatud r\u00fcnnakud Euroopas ja Taiwani \u00fcmber n\u00e4itavad, et Venemaa ja Hiina \u00f5pivad \u00fcksteiselt ja nihutavad piire \u00fcha kaugemale. NATO riigid ja Taiwan aga peaksid kiiremas korras investeerima kaablite parandamise v\u00f5imekusse, r\u00e4\u00e4kis energiajulgeoleku ja kriitilise taristu kaitse ekspert Benjamin L. Schmitt Postimehele.<\/p>\n<p>Kuidas te Ameerikast vaadates hindaksite Euroopa valmisolekut tegeleda meie kriitilist taristut \u00e4hvardavate ohtudega? Kas me teeme head t\u00f6\u00f6d?<\/p>\n<p>Ma arvan, et Euroopa ja eriti L\u00e4\u00e4nemere piirkonna riigid teevad v\u00e4ga head t\u00f6\u00f6d kriitilise taristu kaitse tugevdamisel nende s\u00fcndmuste valguses, mis siin regioonis on aset leidnud.<\/p>\n<p>Me oleme n\u00e4inud Vene s\u00f5jav\u00e4eluuret (GRU) v\u00e4rbamas inimesi, kes ei ole Venemaa kodanikud, sabotaa\u017eiaktide jaoks, mis toimuvad energia- ja muu taristu vastu, nagu raudteed ja telekomi\u00fchendused. Seda tegevust on olnud n\u00e4ha Baltimaades, P\u00f5hjamaades, Saksamaal, Prantsusmaal, \u00dchendkuningriigis \u2013 igal pool.<\/p>\n","protected":false},"excerpt":{"rendered":"Kriitilise t\u00e4htsusega taristu vastu suunatud r\u00fcnnakud Euroopas ja Taiwani \u00fcmber n\u00e4itavad, et Venemaa ja Hiina \u00f5pivad \u00fcksteiselt ja&hellip;\n","protected":false},"author":2,"featured_media":216295,"comment_status":"","ping_status":"","sticky":false,"template":"","format":"standard","meta":{"footnotes":"","_share_on_mastodon":"0"},"categories":[5],"tags":[26,27,37,33,35,7603,34,36,31,32,21,326,1925,1694,28,29,5807,19,25,4342,1174,23,24,22,20,96,30],"class_list":["post-216294","post","type-post","status-publish","format-standard","has-post-thumbnail","category-uldised-uudised","tag-breaking-news","tag-breakingnews","tag-ee","tag-eesti","tag-eesti-keel","tag-energiajulgeolek","tag-estonia","tag-estonian","tag-featured-news","tag-featurednews","tag-headlines","tag-hiina","tag-iraan","tag-laanemeri","tag-latest-news","tag-latestnews","tag-merekaablid","tag-news","tag-populaarseimad-lood","tag-soome-laht","tag-taiwan","tag-top-stories","tag-topstories","tag-uldised-uudised","tag-uudised","tag-venemaa","tag-viimased-uudised"],"share_on_mastodon":{"url":"https:\/\/pubeurope.com\/@ee\/116833565166501853","error":""},"_links":{"self":[{"href":"https:\/\/www.europesays.com\/ee\/wp-json\/wp\/v2\/posts\/216294","targetHints":{"allow":["GET"]}}],"collection":[{"href":"https:\/\/www.europesays.com\/ee\/wp-json\/wp\/v2\/posts"}],"about":[{"href":"https:\/\/www.europesays.com\/ee\/wp-json\/wp\/v2\/types\/post"}],"author":[{"embeddable":true,"href":"https:\/\/www.europesays.com\/ee\/wp-json\/wp\/v2\/users\/2"}],"replies":[{"embeddable":true,"href":"https:\/\/www.europesays.com\/ee\/wp-json\/wp\/v2\/comments?post=216294"}],"version-history":[{"count":0,"href":"https:\/\/www.europesays.com\/ee\/wp-json\/wp\/v2\/posts\/216294\/revisions"}],"wp:featuredmedia":[{"embeddable":true,"href":"https:\/\/www.europesays.com\/ee\/wp-json\/wp\/v2\/media\/216295"}],"wp:attachment":[{"href":"https:\/\/www.europesays.com\/ee\/wp-json\/wp\/v2\/media?parent=216294"}],"wp:term":[{"taxonomy":"category","embeddable":true,"href":"https:\/\/www.europesays.com\/ee\/wp-json\/wp\/v2\/categories?post=216294"},{"taxonomy":"post_tag","embeddable":true,"href":"https:\/\/www.europesays.com\/ee\/wp-json\/wp\/v2\/tags?post=216294"}],"curies":[{"name":"wp","href":"https:\/\/api.w.org\/{rel}","templated":true}]}}