{"id":216366,"date":"2026-06-29T14:23:12","date_gmt":"2026-06-29T14:23:12","guid":{"rendered":"https:\/\/www.europesays.com\/ee\/216366\/"},"modified":"2026-06-29T14:23:12","modified_gmt":"2026-06-29T14:23:12","slug":"mm-i-fannitsoonis-hukkus-tulistamise-tagajarjel-inimene","status":"publish","type":"post","link":"https:\/\/www.europesays.com\/ee\/216366\/","title":{"rendered":"MM-i f\u00e4nnitsoonis hukkus tulistamise tagaj\u00e4rjel inimene"},"content":{"rendered":"<p>Tulistamise leidis aset \u00fches San Jose linna ametlikus MM-i f\u00e4nnitsoonis. Kohalike v\u00f5imude teatel hukkus tulevahetuse tagaj\u00e4rjel s\u00fcndmuskohal \u00fcks inimene ning teine viidi eluohtlike vigastustega haiglasse.<\/p>\n<p>Uudisteagentuuri Reutersi teatel toimus tulistamine p\u00e4rast Kanada ja L\u00f5una-Aafrika Vabariigi vahelist 1\/16-finaali kohtumist, mille esimesed 1:0 v\u00f5itsid.<\/p>\n<p>Politsei k\u00e4sitleb juhtumit <a rel=\"noopener nofollow\" target=\"_blank\" href=\"https:\/\/www.delfi.ee\/teema\/96861108\/morv-1\" tag-id=\"96861108\">m\u00f5rvana<\/a>. Tulistamise tagaj\u00e4rjel sulgeti f\u00e4nnitsooni piirkonnas mitu t\u00e4navat ja baari.<\/p>\n<p>\u00dcks f\u00e4nnitsoonis t\u00f6\u00f6tanud turvat\u00f6\u00f6taja, kes keeldus oma nime avaldamast, kuna tal polnud voli meediaga r\u00e4\u00e4kida, avaldas, et n\u00e4gi vigasaanud inimest oma silmaga. \u201eTa oigas vahetpidamata. Tema kaelal ja \u00fclaseljal oli palju verd. Politsei vestles turvat\u00f6\u00f6tajate ja paari tunnistajaga,\u201c r\u00e4\u00e4kis ta.<\/p>\n<p>Tegemist on teise MM-iga seotud tulistamisjuhtumiga USA pinnal. Enne turniiri algust toimus sai <a rel=\"noopener nofollow\" target=\"_blank\" href=\"https:\/\/www.delfi.ee\/teema\/65705304\/kansas-city\" tag-id=\"65705304\">Kansas Citys<\/a> aset leidnud tulistamises vigastada \u00fcheksa inimest. Intsident toimus MM-ile saabunud Inglismaa jalgpallikoondise tulevase baasi l\u00e4histel.<\/p>\n<p>Kuidas see lugu Sind end tundma pani? Saada <a href=\"https:\/\/sport.delfi.ee\/artikkel\/120593916\/mm-i-fannitsoonis-hukkus-tulistamise-tagajarjel-inimene\/kommentaarid\" class=\"article-body-bottom__comment article-body-bottom__comment--write button button--primary button--size-auto\" rel=\"nofollow noopener\" target=\"_blank\"> Kommenteeri <\/a><a href=\"https:\/\/sport.delfi.ee\/artikkel\/120593916\/mm-i-fannitsoonis-hukkus-tulistamise-tagajarjel-inimene\/kommentaarid\" class=\"article-body-bottom__comment article-body-bottom__comment--read button button--size-auto\" rel=\"nofollow noopener\" target=\"_blank\"> Loe kommentaare (5)<\/a><\/p>\n","protected":false},"excerpt":{"rendered":"Tulistamise leidis aset \u00fches San Jose linna ametlikus MM-i f\u00e4nnitsoonis. Kohalike v\u00f5imude teatel hukkus tulevahetuse tagaj\u00e4rjel s\u00fcndmuskohal \u00fcks&hellip;\n","protected":false},"author":2,"featured_media":216367,"comment_status":"","ping_status":"","sticky":false,"template":"","format":"standard","meta":{"footnotes":"","_share_on_mastodon":"0"},"categories":[18],"tags":[37,33,35,34,36,7036,84227,2052,88579,159,158,2051],"class_list":["post-216366","post","type-post","status-publish","format-standard","has-post-thumbnail","category-sport","tag-ee","tag-eesti","tag-eesti-keel","tag-estonia","tag-estonian","tag-jalgpalli-mm","tag-kansas-city","tag-morv","tag-san-jose","tag-sport","tag-sports","tag-tulistamine"],"share_on_mastodon":{"url":"https:\/\/pubeurope.com\/@ee\/116833851901395496","error":""},"_links":{"self":[{"href":"https:\/\/www.europesays.com\/ee\/wp-json\/wp\/v2\/posts\/216366","targetHints":{"allow":["GET"]}}],"collection":[{"href":"https:\/\/www.europesays.com\/ee\/wp-json\/wp\/v2\/posts"}],"about":[{"href":"https:\/\/www.europesays.com\/ee\/wp-json\/wp\/v2\/types\/post"}],"author":[{"embeddable":true,"href":"https:\/\/www.europesays.com\/ee\/wp-json\/wp\/v2\/users\/2"}],"replies":[{"embeddable":true,"href":"https:\/\/www.europesays.com\/ee\/wp-json\/wp\/v2\/comments?post=216366"}],"version-history":[{"count":0,"href":"https:\/\/www.europesays.com\/ee\/wp-json\/wp\/v2\/posts\/216366\/revisions"}],"wp:featuredmedia":[{"embeddable":true,"href":"https:\/\/www.europesays.com\/ee\/wp-json\/wp\/v2\/media\/216367"}],"wp:attachment":[{"href":"https:\/\/www.europesays.com\/ee\/wp-json\/wp\/v2\/media?parent=216366"}],"wp:term":[{"taxonomy":"category","embeddable":true,"href":"https:\/\/www.europesays.com\/ee\/wp-json\/wp\/v2\/categories?post=216366"},{"taxonomy":"post_tag","embeddable":true,"href":"https:\/\/www.europesays.com\/ee\/wp-json\/wp\/v2\/tags?post=216366"}],"curies":[{"name":"wp","href":"https:\/\/api.w.org\/{rel}","templated":true}]}}