{"id":216746,"date":"2026-06-29T23:29:33","date_gmt":"2026-06-29T23:29:33","guid":{"rendered":"https:\/\/www.europesays.com\/ee\/216746\/"},"modified":"2026-06-29T23:29:33","modified_gmt":"2026-06-29T23:29:33","slug":"valus-kaotus-%e2%9f%a9-mallukas-pidi-huvasti-jatma-armastatud-lemmikloomaga","status":"publish","type":"post","link":"https:\/\/www.europesays.com\/ee\/216746\/","title":{"rendered":"VALUS KAOTUS \u27e9 Mallukas pidi h\u00fcvasti j\u00e4tma armastatud lemmikloomaga"},"content":{"rendered":"<p>Malluka kanali j\u00e4lgijaid olid kursis, et Pupsik oli juba pikemat aega tervisega kimpus. Talle tuli teha s\u00fcsti ja manustada nohurohtu.<\/p>\n<p>\u00abMa kardan, et ma ei oska temaga enam midagi teha. Tegin isegi selle surmas\u00fcsti. Viimane asi, mida talle teha saaksin, mis v\u00f5ib aidata. Mulle ei tundu, et tal l\u00e4heb paremaks,\u00bb r\u00e4\u00e4kis sisulooja pisarsilmi YouTube\u2019i postitatud videos, kus jagas viimaseid hetki koos oma armastatud lemmikloomaga.<\/p>\n<p>J\u00e4rgmises klipis on n\u00e4ha j\u00e4nest Mallu s\u00fcles. \u00abIstume ja ootame, kuni ta mulle s\u00fclle \u00e4ra sureb, sest ma ei taha, et ta \u00fcksi \u00e4ra sureb\u2026\u00bb nuuksub sisulooja, p\u00fc\u00fcdes oma armsale lemmikule pakkuda veel nii palju hoolt, armastust ja tuge kui v\u00f5imalik.<\/p>\n<p>\u201eMa kardan, et ma ei oska temaga enam midagi teha. Tegin isegi selle surijas\u00fcsti. Viimane asi, mida talle teha saaksin, mis v\u00f5iks aidata,\u201c<\/p>\n<p>Oma populaarses podcast\u2019is \u00abSalajutud\u00bb jagas Mallukas m\u00f5ni n\u00e4dal tagasi, et tema kodu k\u00fclastas p\u00f5llumajandus- ja toiduamet, et kontrollida, kas tuntud sisulooja j\u00e4neste pidamistingimused vastavad ikka n\u00f5uetele. Hiljuti valmis j\u00e4neste jaoks suur aedik, kus loomad saavad turvaliselt ringi joosta.<\/p>\n<p>Suur loomas\u00f5ber<\/p>\n<p>Mallukas on tuntud kui suur loomas\u00f5ber, kes kunagi oli minisea Milvi omanik (loe pikemalt <a target=\"_blank\" rel=\"noopener noreferrer nofollow\" href=\"https:\/\/lemmik.postimees.ee\/4333899\/blogija-mallukas-hoiatab-omast-kogemusest-arge-votke-endale-minisiga\">SIIT<\/a>). Ka praegu on tema kodus palju loomi: j\u00e4nesed, kukk, kanad, merisead, koer Mila ning lausa kaheksa kassi: Ants, Robi, Miku, Bosse, Joosep, Feik Kaur, Teele ja Paula. K\u00f5igil lemmikutel on p\u00f5nevad nimed, n\u00e4iteks kannab \u00fcks p\u00e4rlkana oma uhkele soengule viidates nime Anne Veski.<\/p>\n<p><img decoding=\"async\" class=\"figure__image\" onclick=\"triggerEvent('articleImageClick', { id: 17748447, focus: 'single-image', focusIndex: '17748447' })\" onkeydown=\"if (event.key === 'Enter') {&#10;        triggerEvent('articleImageClick', { id: 17748447, focus: 'single-image', focusIndex: '17748447' })&#10;        }\" role=\"button\" tabindex=\"0\" data-focus-from=\"single-image\" data-focus-index=\"17748447\" src=\"https:\/\/www.europesays.com\/ee\/wp-content\/uploads\/2026\/06\/17748447t1h07ca.jpg\"  onload=\"this.parentElement.classList.remove('figure__image-loading')\" alt=\"Sisulooja Mallu Mariann Treimann-Legrant ja tema p\u00e4rlkana Anne Veski.\"\/>Sisulooja Mallu Mariann Treimann-Legrant ja tema p\u00e4rlkana Anne Veski. Foto: Mihkel Maripuu<\/p>\n<p>Kevadel soetas sisulooja suure krundi, kuhu tal on plaan tulevikus rajada loomafarm.<\/p>\n<p>Juunis pakkus Mallukas hoiukodu veel kahele Cats Helpi MT\u00dc p\u00e4\u00e4stetud metsikule kassipojale.<\/p>\n","protected":false},"excerpt":{"rendered":"Malluka kanali j\u00e4lgijaid olid kursis, et Pupsik oli juba pikemat aega tervisega kimpus. Talle tuli teha s\u00fcsti ja&hellip;\n","protected":false},"author":2,"featured_media":216747,"comment_status":"","ping_status":"","sticky":false,"template":"","format":"standard","meta":{"footnotes":"","_share_on_mastodon":"0"},"categories":[80],"tags":[26,27,37,33,35,34,36,31,32,21,2856,2853,2855,549,28,29,1978,1089,285,2854,2858,95,2835,19,25,23,24,2857,22,20,570,30,92,93,94],"class_list":["post-216746","post","type-post","status-publish","format-standard","has-post-thumbnail","category-maailm","tag-breaking-news","tag-breakingnews","tag-ee","tag-eesti","tag-eesti-keel","tag-estonia","tag-estonian","tag-featured-news","tag-featurednews","tag-headlines","tag-hooldamine","tag-kass","tag-koduloom","tag-koer","tag-latest-news","tag-latestnews","tag-lemmik","tag-lind","tag-loodus","tag-loom","tag-loomaaed","tag-maailm","tag-metsloom","tag-news","tag-populaarseimad-lood","tag-top-stories","tag-topstories","tag-toug","tag-uldised-uudised","tag-uudised","tag-vaktsineerimine","tag-viimased-uudised","tag-world","tag-world-news","tag-worldnews"],"share_on_mastodon":{"url":"https:\/\/pubeurope.com\/@ee\/116835999147669803","error":""},"_links":{"self":[{"href":"https:\/\/www.europesays.com\/ee\/wp-json\/wp\/v2\/posts\/216746","targetHints":{"allow":["GET"]}}],"collection":[{"href":"https:\/\/www.europesays.com\/ee\/wp-json\/wp\/v2\/posts"}],"about":[{"href":"https:\/\/www.europesays.com\/ee\/wp-json\/wp\/v2\/types\/post"}],"author":[{"embeddable":true,"href":"https:\/\/www.europesays.com\/ee\/wp-json\/wp\/v2\/users\/2"}],"replies":[{"embeddable":true,"href":"https:\/\/www.europesays.com\/ee\/wp-json\/wp\/v2\/comments?post=216746"}],"version-history":[{"count":0,"href":"https:\/\/www.europesays.com\/ee\/wp-json\/wp\/v2\/posts\/216746\/revisions"}],"wp:featuredmedia":[{"embeddable":true,"href":"https:\/\/www.europesays.com\/ee\/wp-json\/wp\/v2\/media\/216747"}],"wp:attachment":[{"href":"https:\/\/www.europesays.com\/ee\/wp-json\/wp\/v2\/media?parent=216746"}],"wp:term":[{"taxonomy":"category","embeddable":true,"href":"https:\/\/www.europesays.com\/ee\/wp-json\/wp\/v2\/categories?post=216746"},{"taxonomy":"post_tag","embeddable":true,"href":"https:\/\/www.europesays.com\/ee\/wp-json\/wp\/v2\/tags?post=216746"}],"curies":[{"name":"wp","href":"https:\/\/api.w.org\/{rel}","templated":true}]}}