{"id":216817,"date":"2026-06-30T03:32:11","date_gmt":"2026-06-30T03:32:11","guid":{"rendered":"https:\/\/www.europesays.com\/ee\/216817\/"},"modified":"2026-06-30T03:32:11","modified_gmt":"2026-06-30T03:32:11","slug":"bolt-vastab-kullerite-kriitikale-me-ei-topi-kotti-viit-tellimust-tulevikus-veame-aga-toidu-korval-ka-ehituskaupu","status":"publish","type":"post","link":"https:\/\/www.europesays.com\/ee\/216817\/","title":{"rendered":"Bolt vastab kullerite kriitikale: me ei topi kotti viit tellimust, tulevikus veame aga toidu k\u00f5rval ka ehituskaupu"},"content":{"rendered":"<p class=\"ng-star-inserted\">Hiljuti Delfi \u00c4rilehes avaldatud loos r\u00e4\u00e4kisid toidukullerid oma igap\u00e4evat\u00f6\u00f6 kitsaskohtadest: pikkadest ooteaegadest, ebaloogilistest marsruutidest ja toidu jahtumisest. Kullerite peamine etteheide platvormidele oli, et efektiivsust taga ajades ahmitakse \u00fchele juhile liiga palju tellimusi. Lugu l\u00f5i lained m\u00f5lema platvormi kontorites ja ettev\u00f5tted soovisid selgitusi jagada.<\/p>\n<p class=\"ng-star-inserted\">Bolt Foodi esindaja Kaspar Kikerpill l\u00fckkab eelneva loo peamised v\u00e4ited Bolti asjus \u00fcmber. \u201eEestis ja ka globaalselt on meil reegel, et kulleril on kotis maksimaalselt kahe restorani tellimused. Meie platvorm ei ole l\u00e4inud seda teed, et panna mitu toitu korraga kotti,\u201c kinnitab Kikerpill. Ta r\u00f5hutab, et nende \u00e4ri tuum on logistika ning eesm\u00e4rk on viia valminud toit kliendini v\u00f5imalikult kiiresti ja soojalt. \u201eUusi tellimusi me poole s\u00f5idu pealt kullerile vahele ei viska, olukorda, kus kuller viskab esimese toidu maha ja v\u00f5tab vahepeal uue peale, meie platvormil tekkida ei saa.\u201c<\/p>\n<p>Oled juba tellija?Logi sisse<\/p>\n<p><a href=\"https:\/\/arileht.delfi.ee\/a\/120593863\/bolt-vastab-kullerite-kriitikale-me-ei-topi-kotti-viit-tellimust-tulevikus-veame-aga-toidu-korval-ka-ehituskaupu\/kommentaarid\" class=\"article-body-bottom__comment article-body-bottom__comment--write button button--primary button--size-auto\" rel=\"nofollow noopener\" target=\"_blank\"> Kommenteeri <\/a><a href=\"https:\/\/arileht.delfi.ee\/a\/120593863\/bolt-vastab-kullerite-kriitikale-me-ei-topi-kotti-viit-tellimust-tulevikus-veame-aga-toidu-korval-ka-ehituskaupu\/kommentaarid\" class=\"article-body-bottom__comment article-body-bottom__comment--read button button--size-auto\" rel=\"nofollow noopener\" target=\"_blank\"> Loe kommentaare (11)<\/a><\/p>\n","protected":false},"excerpt":{"rendered":"Hiljuti Delfi \u00c4rilehes avaldatud loos r\u00e4\u00e4kisid toidukullerid oma igap\u00e4evat\u00f6\u00f6 kitsaskohtadest: pikkadest ooteaegadest, ebaloogilistest marsruutidest ja toidu jahtumisest. Kullerite&hellip;\n","protected":false},"author":2,"featured_media":216818,"comment_status":"","ping_status":"","sticky":false,"template":"","format":"standard","meta":{"footnotes":"","_share_on_mastodon":"0"},"categories":[80],"tags":[1261,26,27,37,33,35,34,36,31,32,21,27486,28,29,95,19,25,23,24,22,20,30,9078,92,93,94],"class_list":["post-216817","post","type-post","status-publish","format-standard","has-post-thumbnail","category-maailm","tag-bolt","tag-breaking-news","tag-breakingnews","tag-ee","tag-eesti","tag-eesti-keel","tag-estonia","tag-estonian","tag-featured-news","tag-featurednews","tag-headlines","tag-kuller","tag-latest-news","tag-latestnews","tag-maailm","tag-news","tag-populaarseimad-lood","tag-top-stories","tag-topstories","tag-uldised-uudised","tag-uudised","tag-viimased-uudised","tag-wolt","tag-world","tag-world-news","tag-worldnews"],"share_on_mastodon":{"url":"https:\/\/pubeurope.com\/@ee\/116836954471614992","error":""},"_links":{"self":[{"href":"https:\/\/www.europesays.com\/ee\/wp-json\/wp\/v2\/posts\/216817","targetHints":{"allow":["GET"]}}],"collection":[{"href":"https:\/\/www.europesays.com\/ee\/wp-json\/wp\/v2\/posts"}],"about":[{"href":"https:\/\/www.europesays.com\/ee\/wp-json\/wp\/v2\/types\/post"}],"author":[{"embeddable":true,"href":"https:\/\/www.europesays.com\/ee\/wp-json\/wp\/v2\/users\/2"}],"replies":[{"embeddable":true,"href":"https:\/\/www.europesays.com\/ee\/wp-json\/wp\/v2\/comments?post=216817"}],"version-history":[{"count":0,"href":"https:\/\/www.europesays.com\/ee\/wp-json\/wp\/v2\/posts\/216817\/revisions"}],"wp:featuredmedia":[{"embeddable":true,"href":"https:\/\/www.europesays.com\/ee\/wp-json\/wp\/v2\/media\/216818"}],"wp:attachment":[{"href":"https:\/\/www.europesays.com\/ee\/wp-json\/wp\/v2\/media?parent=216817"}],"wp:term":[{"taxonomy":"category","embeddable":true,"href":"https:\/\/www.europesays.com\/ee\/wp-json\/wp\/v2\/categories?post=216817"},{"taxonomy":"post_tag","embeddable":true,"href":"https:\/\/www.europesays.com\/ee\/wp-json\/wp\/v2\/tags?post=216817"}],"curies":[{"name":"wp","href":"https:\/\/api.w.org\/{rel}","templated":true}]}}