{"id":216905,"date":"2026-06-30T06:19:20","date_gmt":"2026-06-30T06:19:20","guid":{"rendered":"https:\/\/www.europesays.com\/ee\/216905\/"},"modified":"2026-06-30T06:19:20","modified_gmt":"2026-06-30T06:19:20","slug":"soe-suveilm-pusib-nadala-keskpaigani-kuid-arvestada-tuleb-vihma-ja-aikesevoimalusega-ilmajaam","status":"publish","type":"post","link":"https:\/\/www.europesays.com\/ee\/216905\/","title":{"rendered":"Soe suveilm p\u00fcsib n\u00e4dala keskpaigani, kuid arvestada tuleb vihma- ja \u00e4ikesev\u00f5imalusega &#8211; Ilmajaam"},"content":{"rendered":"<ol>\n<li><a href=\"https:\/\/news.google.com\/rss\/articles\/CBMivwFBVV95cUxPSFBsQ1RHaXl0OUl3UHlCSEx3QTdicmN3VFpXckJIbFBnajFtaWNiT3JUeFEwSjE2RGxTZG9CTDZlVTJvWmhYZGM1RjRtME5zY0RvYlBRREUxM01fS1lmckIxSlBlQ25oMHZLY094ei1LNWlhUjZZa2J3VU1iX3I5NDdEZjRqSE5TbGJKb3pYZUVFcmpEbGl2ZEl1RHFvbXR0QmVHQW91ZVlyZWNtSmxBcEttYkdQbFl3cXduODhqQQ?oc=5\" target=\"_blank\" rel=\"nofollow noopener\">Soe suveilm p\u00fcsib n\u00e4dala keskpaigani, kuid arvestada tuleb vihma- ja \u00e4ikesev\u00f5imalusega<\/a>&nbsp;&nbsp;Ilmajaam<\/li>\n<li><a href=\"https:\/\/news.google.com\/rss\/articles\/CBMiuAFBVV95cUxPeFYxeEhLMVlZaXhRS0RoSFc3SG1aOFprejRuNk1PaFAtOERSQk4yd01YcjcxVWM1MTJISEF6VjVRY05WcnJUcWp3ZHYwa1pSTFNOdWhsWGxqLXh5SnhxdFdsSnlYOTdCanZsOUFZR05qR2ZCcFFTclp0UHZOUWZqNUpwM1g4VXU0WV84WFhubG0tTGpRLXR2VEhITnFJZF91dmY3dG1ZREZkRUtXNjViUndJTTZzT2I0?oc=5\" target=\"_blank\" rel=\"nofollow noopener\">ILMATEADE | Suvesoe p\u00fcsib, kuid siin-seal sajab hoovihma ja v\u00f5ib \u00e4ikest olla<\/a>&nbsp;&nbsp;Maaleht<\/li>\n<li><a href=\"https:\/\/news.google.com\/rss\/articles\/CBMijAFBVV95cUxNTGFIRHdYZFY5dXFZTkl3d0djMFNHcXRPbEFUNjZZb0lkRm9Mb1NCMVlkOWlOZlBqRHE5endTQ1dFV09WajJ0XzFaZXozeTl3akZqSjd1SDU0aFk3X2RpSmlvc1lTS2pfbUdTejhhQ1pwbm9TQ1N4dGx1eUtTY3EyU09vOTJiWEJ6c1FEOQ?oc=5\" target=\"_blank\" rel=\"nofollow noopener\">Ilmateenistus andis \u00fcle Eesti \u00e4ikese ja vihmasaju hoiatuse<\/a>&nbsp;&nbsp;L\u00f5unaeestlane<\/li>\n<li><a href=\"https:\/\/news.google.com\/rss\/articles\/CBMicEFVX3lxTFBPcnpLTFVFNm1UVlQyRV8tUk9Ba3F3UVl0dE9JcmZBSzZJNU5ZanhkNEFsTjUyVkpuTGpwNXk4eFF6VjZTYVpQTEJzY2cycTExcjlCcjZScjltRG5xTTV0U21aRWJFWUkydFJudXNmaG8?oc=5\" target=\"_blank\" rel=\"nofollow noopener\">P\u00e4rastl\u00f5unal v\u00f5ib tulla \u00e4ikest<\/a>&nbsp;&nbsp;L\u00e4\u00e4ne Elu<\/li>\n<li><a href=\"https:\/\/news.google.com\/rss\/articles\/CBMiP0FVX3lxTFBaT1dwTXo2clUyVVk3bnhzN0ppX1ozY2pIWDZOeU9MX2otZE93bGVVcTJKSDRnNE8wYkZDeW52TQ?oc=5\" target=\"_blank\" rel=\"nofollow noopener\">Rasmus Roosleht l\u00f5petas Ratingeni k\u00fcmnev\u00f5istluse avap\u00e4eva esiviisikus<\/a>&nbsp;&nbsp;Uudis.net<\/li>\n<\/ol>\n","protected":false},"excerpt":{"rendered":"Soe suveilm p\u00fcsib n\u00e4dala keskpaigani, kuid arvestada tuleb vihma- ja \u00e4ikesev\u00f5imalusega&nbsp;&nbsp;Ilmajaam ILMATEADE | Suvesoe p\u00fcsib, kuid siin-seal sajab&hellip;\n","protected":false},"author":2,"featured_media":216906,"comment_status":"","ping_status":"","sticky":false,"template":"","format":"standard","meta":{"footnotes":"","_share_on_mastodon":"0"},"categories":[5],"tags":[26,27,37,33,35,34,36,31,32,21,8293,10852,6997,28,29,19,25,23,24,22,20,30],"class_list":["post-216905","post","type-post","status-publish","format-standard","has-post-thumbnail","category-uldised-uudised","tag-breaking-news","tag-breakingnews","tag-ee","tag-eesti","tag-eesti-keel","tag-estonia","tag-estonian","tag-featured-news","tag-featurednews","tag-headlines","tag-ilmajaam","tag-ilmaprognoos","tag-keskkonnaagentuur","tag-latest-news","tag-latestnews","tag-news","tag-populaarseimad-lood","tag-top-stories","tag-topstories","tag-uldised-uudised","tag-uudised","tag-viimased-uudised"],"share_on_mastodon":{"url":"https:\/\/pubeurope.com\/@ee\/116837611347186560","error":""},"_links":{"self":[{"href":"https:\/\/www.europesays.com\/ee\/wp-json\/wp\/v2\/posts\/216905","targetHints":{"allow":["GET"]}}],"collection":[{"href":"https:\/\/www.europesays.com\/ee\/wp-json\/wp\/v2\/posts"}],"about":[{"href":"https:\/\/www.europesays.com\/ee\/wp-json\/wp\/v2\/types\/post"}],"author":[{"embeddable":true,"href":"https:\/\/www.europesays.com\/ee\/wp-json\/wp\/v2\/users\/2"}],"replies":[{"embeddable":true,"href":"https:\/\/www.europesays.com\/ee\/wp-json\/wp\/v2\/comments?post=216905"}],"version-history":[{"count":0,"href":"https:\/\/www.europesays.com\/ee\/wp-json\/wp\/v2\/posts\/216905\/revisions"}],"wp:featuredmedia":[{"embeddable":true,"href":"https:\/\/www.europesays.com\/ee\/wp-json\/wp\/v2\/media\/216906"}],"wp:attachment":[{"href":"https:\/\/www.europesays.com\/ee\/wp-json\/wp\/v2\/media?parent=216905"}],"wp:term":[{"taxonomy":"category","embeddable":true,"href":"https:\/\/www.europesays.com\/ee\/wp-json\/wp\/v2\/categories?post=216905"},{"taxonomy":"post_tag","embeddable":true,"href":"https:\/\/www.europesays.com\/ee\/wp-json\/wp\/v2\/tags?post=216905"}],"curies":[{"name":"wp","href":"https:\/\/api.w.org\/{rel}","templated":true}]}}