{"id":216938,"date":"2026-06-30T07:13:10","date_gmt":"2026-06-30T07:13:10","guid":{"rendered":"https:\/\/www.europesays.com\/ee\/216938\/"},"modified":"2026-06-30T07:13:10","modified_gmt":"2026-06-30T07:13:10","slug":"poorame-relvad-kremli-vastu-putiniga-kohtumist-noudnud-vene-sojaveteran-vahistati-aarmuslike-sumbolite-parast","status":"publish","type":"post","link":"https:\/\/www.europesays.com\/ee\/216938\/","title":{"rendered":"\u00abP\u00f6\u00f6rame relvad Kremli vastu\u00bb: Putiniga kohtumist n\u00f5udnud Vene s\u00f5javeteran vahistati \u00e4\u00e4rmuslike s\u00fcmbolite p\u00e4rast"},"content":{"rendered":"<p>Venemaal vahistati Ukrainas s\u00f5dinud Vene s\u00f5javeteran Aleksandr Lunin, keda v\u00f5imud s\u00fc\u00fcdistavad \u00e4\u00e4rmuslike s\u00fcmbolite eksponeerimises. Lunin kogus eelmisel n\u00e4dalal t\u00e4helepanu videoga, milles n\u00f5udis kohtumist president Vladimir Putiniga ja \u00e4hvardas, et Vene s\u00f5jav\u00e4gi p\u00f6\u00f6rab relvad Kremli vastu.<\/p>\n<p>39-aastane Lunin avaldas 25. juunil video, milles s\u00fc\u00fcdistas Vene s\u00f5jav\u00e4e juhtkonda s\u00f5durite v\u00e4\u00e4rkohtlemises ning n\u00f5udis Putiniga silmast silma kohtumist.<\/p>\n","protected":false},"excerpt":{"rendered":"Venemaal vahistati Ukrainas s\u00f5dinud Vene s\u00f5javeteran Aleksandr Lunin, keda v\u00f5imud s\u00fc\u00fcdistavad \u00e4\u00e4rmuslike s\u00fcmbolite eksponeerimises. Lunin kogus eelmisel n\u00e4dalal&hellip;\n","protected":false},"author":2,"featured_media":216939,"comment_status":"","ping_status":"","sticky":false,"template":"","format":"standard","meta":{"footnotes":"","_share_on_mastodon":"0"},"categories":[80],"tags":[26,27,37,33,35,34,36,31,32,21,103,28,29,95,19,25,23,24,124,22,20,96,88718,30,661,92,93,94],"class_list":["post-216938","post","type-post","status-publish","format-standard","has-post-thumbnail","category-maailm","tag-breaking-news","tag-breakingnews","tag-ee","tag-eesti","tag-eesti-keel","tag-estonia","tag-estonian","tag-featured-news","tag-featurednews","tag-headlines","tag-kreml","tag-latest-news","tag-latestnews","tag-maailm","tag-news","tag-populaarseimad-lood","tag-top-stories","tag-topstories","tag-ukraina-soda","tag-uldised-uudised","tag-uudised","tag-venemaa","tag-venemaa-relvajoud","tag-viimased-uudised","tag-vladimir-putin","tag-world","tag-world-news","tag-worldnews"],"share_on_mastodon":{"url":"https:\/\/pubeurope.com\/@ee\/116837823730589923","error":""},"_links":{"self":[{"href":"https:\/\/www.europesays.com\/ee\/wp-json\/wp\/v2\/posts\/216938","targetHints":{"allow":["GET"]}}],"collection":[{"href":"https:\/\/www.europesays.com\/ee\/wp-json\/wp\/v2\/posts"}],"about":[{"href":"https:\/\/www.europesays.com\/ee\/wp-json\/wp\/v2\/types\/post"}],"author":[{"embeddable":true,"href":"https:\/\/www.europesays.com\/ee\/wp-json\/wp\/v2\/users\/2"}],"replies":[{"embeddable":true,"href":"https:\/\/www.europesays.com\/ee\/wp-json\/wp\/v2\/comments?post=216938"}],"version-history":[{"count":0,"href":"https:\/\/www.europesays.com\/ee\/wp-json\/wp\/v2\/posts\/216938\/revisions"}],"wp:featuredmedia":[{"embeddable":true,"href":"https:\/\/www.europesays.com\/ee\/wp-json\/wp\/v2\/media\/216939"}],"wp:attachment":[{"href":"https:\/\/www.europesays.com\/ee\/wp-json\/wp\/v2\/media?parent=216938"}],"wp:term":[{"taxonomy":"category","embeddable":true,"href":"https:\/\/www.europesays.com\/ee\/wp-json\/wp\/v2\/categories?post=216938"},{"taxonomy":"post_tag","embeddable":true,"href":"https:\/\/www.europesays.com\/ee\/wp-json\/wp\/v2\/tags?post=216938"}],"curies":[{"name":"wp","href":"https:\/\/api.w.org\/{rel}","templated":true}]}}