{"id":216956,"date":"2026-06-30T07:36:15","date_gmt":"2026-06-30T07:36:15","guid":{"rendered":"https:\/\/www.europesays.com\/ee\/216956\/"},"modified":"2026-06-30T07:36:15","modified_gmt":"2026-06-30T07:36:15","slug":"jaekabanduses-muugitulu-langes-kuid-selles-on-suudi-kutusemuuk-uha-enam-tangitakse-eestist-valjas","status":"publish","type":"post","link":"https:\/\/www.europesays.com\/ee\/216956\/","title":{"rendered":"Jaekabanduses m\u00fc\u00fcgitulu langes, kuid selles on \u201es\u00fc\u00fcdi\u201c k\u00fctusem\u00fc\u00fck. \u00dcha enam tangitakse Eestist v\u00e4ljas"},"content":{"rendered":"<p>Statistikaameti juhtivanal\u00fc\u00fctiku Johanna Linda Pihlaku s\u00f5nul hakkas aasta algusest alates kasvanud jaekaubandusettev\u00f5tete m\u00fc\u00fcgimaht mais kahanema. \u201eSeda m\u00f5jutasid t\u00f6\u00f6stuskaupade kauplused, kus maht kahanes eelmise aasta maiga v\u00f5rreldes 5%. T\u00f6\u00f6stuskaupade kaupluste m\u00fc\u00fcgimaht v\u00e4henes viimati 2025. aasta novembris,\u201c lisas Pihlak.<\/p>\n<p>\u201eToidukaupade kaupluste m\u00fc\u00fcgimaht mais kasvama ei hakanud ning j\u00e4i eelmise aasta mai tasemele,\u201c t\u00f5i Pihlak v\u00e4lja.<\/p>\n<p>Mootorik\u00fctuse jaem\u00fc\u00fcgiga tegelevate ettev\u00f5tete m\u00fc\u00fcgimahu suurenemine j\u00e4tkus ka mais ning m\u00fc\u00fcgimaht kasvas eelmise aasta sama kuuga v\u00f5rreldes 2%. \u201eT\u00e4hele tasub panna, et andmed ei sisalda ainult mootorik\u00fctuste m\u00fc\u00fcki, vaid kogum\u00fc\u00fcki, mille alla kuulub ka n\u00e4iteks toitlustusest ja muudelt kaupadelt ning teenustelt saadud tulu,\u201c lisas juhtivanal\u00fc\u00fctik.<\/p>\n<p>Aprilliga v\u00f5rreldes j\u00e4i mais jaekaubandusettev\u00f5tete m\u00fc\u00fcgimaht eelmise kuu tasemele. Sesoonselt ja kalendaarselt korrigeeritud andmetel v\u00e4henes m\u00fc\u00fcgimaht eelmise kuuga v\u00f5rreldes 2%.<\/p>\n<p>Selle aasta viie kuuga suurenes jaekaubandusettev\u00f5tete m\u00fc\u00fcgimaht eelmise aasta sama perioodiga v\u00f5rreldes 4%.<\/p>\n<p>M\u00f5jutavad k\u00fctusem\u00fc\u00fcgi numbrid<\/p>\n<p><a rel=\"noopener nofollow\" target=\"_blank\" href=\"https:\/\/www.delfi.ee\/teema\/81037771\/luminor\" tag-id=\"81037771\">Luminori<\/a> pea\u00f6konomist <a rel=\"noopener nofollow\" target=\"_blank\" href=\"https:\/\/www.delfi.ee\/teema\/96859997\/lenno-uuskula\" tag-id=\"96859997\">Lenno Uusk\u00fcla<\/a> toob v\u00e4lja, et j\u00e4tkuvalt on kogum\u00fc\u00fcginumbreid tugevalt m\u00f5jutamas k\u00fctuste m\u00fc\u00fck tanklates, mis kuuv\u00f5rdluses langes 5,9 protsenti, kuid on j\u00e4tkuvalt k\u00f5rgem eelmise aasta samast tasemest. K\u00fctusem\u00fc\u00fcgi numbrite kasvu ja languse taga on tema s\u00f5nul suures osas k\u00fctusehindade erinevused riigiti ning inimeste ja ettev\u00f5tete valikud kus tankida. \u201eSeep\u00e4rast n\u00e4itab see rohkem tanklate k\u00e4ek\u00e4iku kui Eesti perede heaolu.\u201c<\/p>\n<p>Oluline on Uusk\u00fcla s\u00f5nul v\u00e4lja tuua, et m\u00fc\u00fck supermarketites kasvas v\u00f5rreldes aprilliga 0,2 protsenti, j\u00e4tkates ka kahe varasema kuu kasvusuunda. Peale pikka langust on sel kevadel m\u00fc\u00fcgimahud t\u00f5usmas ning aastane kasv on peaaegu v\u00e4lja j\u00f5udnud nulli.<\/p>\n<p>\u201eJ\u00e4tkuvalt on kasvamas ka autode m\u00fc\u00fck. V\u00f5rreldes aprilliga kasvas autode m\u00fc\u00fck 5,5 protsenti ning \u00fcletab n\u00fc\u00fcd eelmise aasta esimese poole auto aasta- ja registreerimismaksu kehtestamisest tingitud madalseisu taset 17,6 protsendiga. Autode m\u00fc\u00fcgi taastumine v\u00f5tab veel veidi aega, kuid on selgel t\u00f5usutrendil.\u201c<\/p>\n<p>Uusk\u00fcla usub, et j\u00e4tkuvalt sel aastal on oodata jaem\u00fc\u00fcgi numbrite kasvu. <\/p>\n<p>\u201eT\u00e4nu tulumaksumuudatusele j\u00e4\u00e4b keskmise palga saajal m\u00e4rgatavalt rohkem raha k\u00e4tte ning sel aastal j\u00e4\u00e4b hinnat\u00f5us v\u00e4iksemaks palgat\u00f5usust, mis samuti parandab eluj\u00e4rge. Maikuistes m\u00fc\u00fcgimahtudes ei ole veel n\u00e4ha k\u00fctuse hinna langusest tingitud positiivseid arenguid, mida v\u00f5ib oodata veidi juba juunikuu numbrites.\u201c<\/p>\n<p>Kuidas see lugu Sind end tundma pani? Saada <a href=\"https:\/\/arileht.delfi.ee\/a\/120594035\/jaekabanduses-muugitulu-langes-kuid-selles-on-suudi-kutusemuuk-uha-enam-tangitakse-eestist-valjas\/kommentaarid\" class=\"article-body-bottom__comment article-body-bottom__comment--write button button--primary button--size-auto\" rel=\"nofollow noopener\" target=\"_blank\"> Kommenteeri <\/a><a href=\"https:\/\/arileht.delfi.ee\/a\/120594035\/jaekabanduses-muugitulu-langes-kuid-selles-on-suudi-kutusemuuk-uha-enam-tangitakse-eestist-valjas\/kommentaarid\" class=\"article-body-bottom__comment article-body-bottom__comment--read button button--size-auto\" rel=\"nofollow noopener\" target=\"_blank\"> Loe kommentaare (5)<\/a><\/p>\n","protected":false},"excerpt":{"rendered":"Statistikaameti juhtivanal\u00fc\u00fctiku Johanna Linda Pihlaku s\u00f5nul hakkas aasta algusest alates kasvanud jaekaubandusettev\u00f5tete m\u00fc\u00fcgimaht mais kahanema. \u201eSeda m\u00f5jutasid t\u00f6\u00f6stuskaupade&hellip;\n","protected":false},"author":2,"featured_media":216957,"comment_status":"","ping_status":"","sticky":false,"template":"","format":"standard","meta":{"footnotes":"","_share_on_mastodon":"0"},"categories":[12],"tags":[26,27,37,33,35,34,36,31,32,21,11006,3735,28,29,6690,438,19,25,2559,23,24,22,20,30],"class_list":["post-216956","post","type-post","status-publish","format-standard","has-post-thumbnail","category-eesti","tag-breaking-news","tag-breakingnews","tag-ee","tag-eesti","tag-eesti-keel","tag-estonia","tag-estonian","tag-featured-news","tag-featurednews","tag-headlines","tag-jaekaubandus","tag-kutusemuuk","tag-latest-news","tag-latestnews","tag-lenno-uuskula","tag-luminor","tag-news","tag-populaarseimad-lood","tag-statistikaamet","tag-top-stories","tag-topstories","tag-uldised-uudised","tag-uudised","tag-viimased-uudised"],"share_on_mastodon":{"url":"https:\/\/pubeurope.com\/@ee\/116837914259557738","error":""},"_links":{"self":[{"href":"https:\/\/www.europesays.com\/ee\/wp-json\/wp\/v2\/posts\/216956","targetHints":{"allow":["GET"]}}],"collection":[{"href":"https:\/\/www.europesays.com\/ee\/wp-json\/wp\/v2\/posts"}],"about":[{"href":"https:\/\/www.europesays.com\/ee\/wp-json\/wp\/v2\/types\/post"}],"author":[{"embeddable":true,"href":"https:\/\/www.europesays.com\/ee\/wp-json\/wp\/v2\/users\/2"}],"replies":[{"embeddable":true,"href":"https:\/\/www.europesays.com\/ee\/wp-json\/wp\/v2\/comments?post=216956"}],"version-history":[{"count":0,"href":"https:\/\/www.europesays.com\/ee\/wp-json\/wp\/v2\/posts\/216956\/revisions"}],"wp:featuredmedia":[{"embeddable":true,"href":"https:\/\/www.europesays.com\/ee\/wp-json\/wp\/v2\/media\/216957"}],"wp:attachment":[{"href":"https:\/\/www.europesays.com\/ee\/wp-json\/wp\/v2\/media?parent=216956"}],"wp:term":[{"taxonomy":"category","embeddable":true,"href":"https:\/\/www.europesays.com\/ee\/wp-json\/wp\/v2\/categories?post=216956"},{"taxonomy":"post_tag","embeddable":true,"href":"https:\/\/www.europesays.com\/ee\/wp-json\/wp\/v2\/tags?post=216956"}],"curies":[{"name":"wp","href":"https:\/\/api.w.org\/{rel}","templated":true}]}}